{"id":10101,"date":"2015-07-30T16:08:57","date_gmt":"2015-07-30T14:08:57","guid":{"rendered":"http:\/\/www.gruppopdregionetoscana.it\/web\/?p=10101"},"modified":"2015-07-30T16:08:57","modified_gmt":"2015-07-30T14:08:57","slug":"cantieri-apuania-bugliani-pd-coniugare-liberta-economica-dei-privati-dignita-dei-lavoratori","status":"publish","type":"post","link":"https:\/\/www.gruppopdregionetoscana.it\/web\/cantieri-apuania-bugliani-pd-coniugare-liberta-economica-dei-privati-dignita-dei-lavoratori\/","title":{"rendered":"Nuovi cantieri Apuania, Bugliani (Pd): \u201cConiugare libert\u00e0 economica dei privati e rispetto della dignit\u00e0 dei lavoratori\u201d"},"content":{"rendered":"<p><a href=\"http:\/\/www.gruppopdregionetoscana.it\/web\/wp-content\/uploads\/2015\/07\/bugliani.jpg\"><img loading=\"lazy\" decoding=\"async\" class=\"alignleft size-full wp-image-9991\" src=\"http:\/\/www.gruppopdregionetoscana.it\/web\/wp-content\/uploads\/2015\/07\/bugliani.jpg\" alt=\"bugliani\" width=\"298\" height=\"298\" srcset=\"https:\/\/www.gruppopdregionetoscana.it\/web\/wp-content\/uploads\/2015\/07\/bugliani.jpg 298w, https:\/\/www.gruppopdregionetoscana.it\/web\/wp-content\/uploads\/2015\/07\/bugliani-150x150.jpg 150w, https:\/\/www.gruppopdregionetoscana.it\/web\/wp-content\/uploads\/2015\/07\/bugliani-66x66.jpg 66w\" sizes=\"auto, (max-width: 298px) 100vw, 298px\" \/><\/a>Il consigliere regionale Pd e presidente commissione Affari istituzionali e Bilancio <strong>Giacomo Bugliani<\/strong> ha annunciato il voto favorevole del gruppo Pd in Consiglio regionale a una mozione del Movimento 5 stelle che chiede la convocazione di un tavolo istituzionale e il rispetto degli accordi ministeriali.<\/p>\n<p>&nbsp;<\/p>\n<p><strong>S\u00ec del gruppo Pd in Consiglio regionale della Toscana alla mozione presentata dal Movimento 5 stelle in merito alla situazione dei Nuovi Cantieri Apuania<\/strong>, che chiedeva la convocazione di un tavolo istituzionale; a annunciare il voto favorevole in aula <strong>Giacomo Bugliani<\/strong>, presidente commissione Affari Istituzionali e Bilancio. \u201cIn questa vicenda entrano in campo valori costituzionali che devono essere tenuti attentamente in equilibrio \u2013 <strong>ha commentato Bugliani<\/strong> &#8211; Da un lato c\u2019\u00e8 la libert\u00e0 di attivit\u00e0 economica dei privati, dall\u2019altro il rispetto della dignit\u00e0 dei lavoratori\u201d.<\/p>\n<p>&nbsp;<\/p>\n<p><strong>Il consigliere ha spiegato di aver visitato i cantieri<\/strong> dopo l\u2019ingresso del nuovo azionista e di aver trovato \u201cche all\u2019azienda \u00e8 stato dato un nuovo volto, e questo \u00e8 un merito che va riconosciuto alla propriet\u00e0\u201d. Si deve tuttavia tenere conto \u201cdel dramma dei lavoratori che non sono tuttora indirizzati a un ruolo specifico\u201d.<\/p>\n<p>&nbsp;<\/p>\n","protected":false},"excerpt":{"rendered":"<p>Il consigliere regionale Pd e presidente commissione Affari istituzionali e Bilancio Giacomo Bugliani ha annunciato il voto favorevole del gruppo Pd in Consiglio regionale a una mozione del Movimento 5 stelle che chiede la convocazione di un tavolo istituzionale e il rispetto degli accordi ministeriali. &nbsp; S\u00ec del gruppo Pd in Consiglio regionale della Toscana [&hellip;]<\/p>\n","protected":false},"author":1,"featured_media":9991,"comment_status":"closed","ping_status":"closed","sticky":false,"template":"","format":"standard","meta":{"_jetpack_memberships_contains_paid_content":false,"footnotes":""},"categories":[30,961],"tags":[999,998,782,105,111],"class_list":{"0":"post-10101","1":"post","2":"type-post","3":"status-publish","4":"format-standard","5":"has-post-thumbnail","7":"category-comunicati-stampa","8":"category-giacomo-bugliani","9":"tag-bugliani","10":"tag-cantieri-apuania","11":"tag-carrara","12":"tag-lavoro","13":"tag-pd","14":"czr-hentry"},"jetpack_featured_media_url":"https:\/\/www.gruppopdregionetoscana.it\/web\/wp-content\/uploads\/2015\/07\/bugliani.jpg","jetpack_sharing_enabled":true,"_links":{"self":[{"href":"https:\/\/www.gruppopdregionetoscana.it\/web\/wp-json\/wp\/v2\/posts\/10101","targetHints":{"allow":["GET"]}}],"collection":[{"href":"https:\/\/www.gruppopdregionetoscana.it\/web\/wp-json\/wp\/v2\/posts"}],"about":[{"href":"https:\/\/www.gruppopdregionetoscana.it\/web\/wp-json\/wp\/v2\/types\/post"}],"author":[{"embeddable":true,"href":"https:\/\/www.gruppopdregionetoscana.it\/web\/wp-json\/wp\/v2\/users\/1"}],"replies":[{"embeddable":true,"href":"https:\/\/www.gruppopdregionetoscana.it\/web\/wp-json\/wp\/v2\/comments?post=10101"}],"version-history":[{"count":0,"href":"https:\/\/www.gruppopdregionetoscana.it\/web\/wp-json\/wp\/v2\/posts\/10101\/revisions"}],"wp:featuredmedia":[{"embeddable":true,"href":"https:\/\/www.gruppopdregionetoscana.it\/web\/wp-json\/wp\/v2\/media\/9991"}],"wp:attachment":[{"href":"https:\/\/www.gruppopdregionetoscana.it\/web\/wp-json\/wp\/v2\/media?parent=10101"}],"wp:term":[{"taxonomy":"category","embeddable":true,"href":"https:\/\/www.gruppopdregionetoscana.it\/web\/wp-json\/wp\/v2\/categories?post=10101"},{"taxonomy":"post_tag","embeddable":true,"href":"https:\/\/www.gruppopdregionetoscana.it\/web\/wp-json\/wp\/v2\/tags?post=10101"}],"curies":[{"name":"wp","href":"https:\/\/api.w.org\/{rel}","templated":true}]}}