{"id":10123,"date":"2015-07-31T15:30:10","date_gmt":"2015-07-31T13:30:10","guid":{"rendered":"http:\/\/www.gruppopdregionetoscana.it\/web\/?p=10123"},"modified":"2015-07-31T15:31:56","modified_gmt":"2015-07-31T13:31:56","slug":"emergenza-profughi-lappello-mazzeo-comuni","status":"publish","type":"post","link":"https:\/\/www.gruppopdregionetoscana.it\/web\/emergenza-profughi-lappello-mazzeo-comuni\/","title":{"rendered":"Accoglienza profughi, l\u2019appello di Mazzeo ai comuni"},"content":{"rendered":"<p><strong>&#8220;Perch\u00e8 il modello toscano dell\u2019accoglienza diffusa funzioni serve che tutti facciano la propria parte\u201d<\/strong><\/p>\n<p><strong><a href=\"http:\/\/www.gruppopdregionetoscana.it\/web\/wp-content\/uploads\/2015\/07\/mazzeo.jpg\"><img loading=\"lazy\" decoding=\"async\" class=\"alignleft wp-image-10001 size-thumbnail\" src=\"http:\/\/www.gruppopdregionetoscana.it\/web\/wp-content\/uploads\/2015\/07\/mazzeo-150x150.jpg\" alt=\"mazzeo\" width=\"150\" height=\"150\" srcset=\"https:\/\/www.gruppopdregionetoscana.it\/web\/wp-content\/uploads\/2015\/07\/mazzeo-150x150.jpg 150w, https:\/\/www.gruppopdregionetoscana.it\/web\/wp-content\/uploads\/2015\/07\/mazzeo-66x66.jpg 66w, https:\/\/www.gruppopdregionetoscana.it\/web\/wp-content\/uploads\/2015\/07\/mazzeo.jpg 298w\" sizes=\"auto, (max-width: 150px) 100vw, 150px\" \/><\/a><\/strong> \u201cQuella dei migranti \u00e8 un\u2019emergenza che dobbiamo gestire tutti insieme, nessuno escluso. Il modello adottato dalla Toscana funziona e pu\u00f2 reggere solo e soltanto se tutte le amministrazioni locali acconsentono a dare il proprio contributo e una mano vera\u201d.<\/p>\n<p>Cos\u00ec il consigliere regionale e vicesegretario del PD Toscana Antonio Mazzeo interviene sul tema dell\u2019accoglienza dei profughi anche alla luce dell\u2019ultimo appello a sindaci e Regione arrivato dalle prefetture.<\/p>\n<p>\u201cE\u2019 una questione di civilt\u00e0 e di buon senso \u2013 prosegue \u2013 di fronte a quella che \u00e8 una vera e propria emergenza sociale. Pisa \u00e8 una delle province che meglio delle altre ha interpretato il tema dell\u2019accoglienza diffusa ma non basta ancora. Sappiamo che la situazione \u00e8 difficile anche se i numeri degli arrivi sono in realt\u00e0 in linea con quelli dello scorso anno. Il problema \u00e8 che le strutture che erano state identificate per l\u2019accoglienza sono piene e la lentezza del lavoro delle commissioni\u00a0 non permette un ricambio nelle persone ospitate, ma proprio per questo chiedo davvero a tutti i comuni di fare uno sforzo ulteriore e collettivo\u201d.<\/p>\n<p>Mazzeo sottolinea infine una ulteriore possibilit\u00e0 cui Anci, prefetture e Regione stanno lavorando in queste settimane. \u201cSi stanno creando le condizioni, anche di concerto con Inail, perch\u00e9 i migranti possano svolgere volontariamente dei lavoro di pubblica utilit\u00e0 nelle comunit\u00e0 che li ospitano \u2013 spiega \u2013 Lavorare in questa direzione pu\u00f2 essere una chiave importante per garantire anche un percorso di vera integrazione che si aggiunge al piano della sola accoglienza e ospitalit\u00e0\u201d.<\/p>\n","protected":false},"excerpt":{"rendered":"<p>&#8220;Perch\u00e8 il modello toscano dell\u2019accoglienza diffusa funzioni serve che tutti facciano la propria parte\u201d \u201cQuella dei migranti \u00e8 un\u2019emergenza che dobbiamo gestire tutti insieme, nessuno escluso. Il modello adottato dalla Toscana funziona e pu\u00f2 reggere solo e soltanto se tutte le amministrazioni locali acconsentono a dare il proprio contributo e una mano vera\u201d. Cos\u00ec il [&hellip;]<\/p>\n","protected":false},"author":1,"featured_media":10124,"comment_status":"closed","ping_status":"closed","sticky":false,"template":"","format":"standard","meta":{"_jetpack_memberships_contains_paid_content":false,"footnotes":""},"categories":[966,30],"tags":[1000,609,1001],"class_list":{"0":"post-10123","1":"post","2":"type-post","3":"status-publish","4":"format-standard","5":"has-post-thumbnail","7":"category-antonio-mazzeo","8":"category-comunicati-stampa","9":"tag-accoglienza","10":"tag-immigrazione","11":"tag-profughi","12":"czr-hentry"},"jetpack_featured_media_url":"https:\/\/www.gruppopdregionetoscana.it\/web\/wp-content\/uploads\/2015\/07\/profughi_integrazione_lavoro_san_miniato_gabbanini_guazzini_spalletti.jpg","jetpack_sharing_enabled":true,"_links":{"self":[{"href":"https:\/\/www.gruppopdregionetoscana.it\/web\/wp-json\/wp\/v2\/posts\/10123","targetHints":{"allow":["GET"]}}],"collection":[{"href":"https:\/\/www.gruppopdregionetoscana.it\/web\/wp-json\/wp\/v2\/posts"}],"about":[{"href":"https:\/\/www.gruppopdregionetoscana.it\/web\/wp-json\/wp\/v2\/types\/post"}],"author":[{"embeddable":true,"href":"https:\/\/www.gruppopdregionetoscana.it\/web\/wp-json\/wp\/v2\/users\/1"}],"replies":[{"embeddable":true,"href":"https:\/\/www.gruppopdregionetoscana.it\/web\/wp-json\/wp\/v2\/comments?post=10123"}],"version-history":[{"count":0,"href":"https:\/\/www.gruppopdregionetoscana.it\/web\/wp-json\/wp\/v2\/posts\/10123\/revisions"}],"wp:featuredmedia":[{"embeddable":true,"href":"https:\/\/www.gruppopdregionetoscana.it\/web\/wp-json\/wp\/v2\/media\/10124"}],"wp:attachment":[{"href":"https:\/\/www.gruppopdregionetoscana.it\/web\/wp-json\/wp\/v2\/media?parent=10123"}],"wp:term":[{"taxonomy":"category","embeddable":true,"href":"https:\/\/www.gruppopdregionetoscana.it\/web\/wp-json\/wp\/v2\/categories?post=10123"},{"taxonomy":"post_tag","embeddable":true,"href":"https:\/\/www.gruppopdregionetoscana.it\/web\/wp-json\/wp\/v2\/tags?post=10123"}],"curies":[{"name":"wp","href":"https:\/\/api.w.org\/{rel}","templated":true}]}}