{"id":10146,"date":"2015-08-04T11:56:26","date_gmt":"2015-08-04T09:56:26","guid":{"rendered":"http:\/\/www.gruppopdregionetoscana.it\/web\/?p=10146"},"modified":"2015-08-04T11:56:26","modified_gmt":"2015-08-04T09:56:26","slug":"rsa-villetta-giovannetti-pd-doveroso-far-ripartire-struttura-vicinanza-territori-elemento-fondante-processo-riforma-sanita","status":"publish","type":"post","link":"https:\/\/www.gruppopdregionetoscana.it\/web\/rsa-villetta-giovannetti-pd-doveroso-far-ripartire-struttura-vicinanza-territori-elemento-fondante-processo-riforma-sanita\/","title":{"rendered":"RSA Villetta, Giovannetti (Pd): \u201cDoveroso far ripartire la struttura. Vicinanza ai territori elemento fondante del processo di riforma della sanit\u00e0\u201d"},"content":{"rendered":"<p><em><a href=\"http:\/\/www.gruppopdregionetoscana.it\/web\/wp-content\/uploads\/2015\/07\/giovannetti.jpg\"><img loading=\"lazy\" decoding=\"async\" class=\" size-full wp-image-9999 alignleft\" src=\"http:\/\/www.gruppopdregionetoscana.it\/web\/wp-content\/uploads\/2015\/07\/giovannetti.jpg\" alt=\"giovannetti\" width=\"298\" height=\"298\" srcset=\"https:\/\/www.gruppopdregionetoscana.it\/web\/wp-content\/uploads\/2015\/07\/giovannetti.jpg 298w, https:\/\/www.gruppopdregionetoscana.it\/web\/wp-content\/uploads\/2015\/07\/giovannetti-150x150.jpg 150w, https:\/\/www.gruppopdregionetoscana.it\/web\/wp-content\/uploads\/2015\/07\/giovannetti-66x66.jpg 66w\" sizes=\"auto, (max-width: 298px) 100vw, 298px\" \/><\/a>La consigliera regionale Pd Ilaria Giovannetti, componente della Commissione Sanit\u00e0 e politiche sociali a Palazzo Panciatichi, interviene in merito alla chiusura della Rsa di Villetta San Romano<\/em><\/p>\n<p>\u201cIl processo di riorganizzazione della sanit\u00e0 toscana ha fra i suoi principi di riferimento la vicinanza ai territori e l\u2019attenzione alle zone disagiate, come esplicitato nella legge del 18 marzo scorso che vi ha dato avvio: \u00e8 per queste ragioni che ritengo la scelta della direzione dell\u2019Asl 2 rispetto alla RSA di Villetta non in sintonia con questo percorso, non rispettando questi principi\u201d<\/p>\n<p>\u00c8 la posizione di <strong>Ilaria Giovannetti<\/strong>, consigliera Pd Regione Toscana e componente della Commissione Sanit\u00e0 a Palazzo Panciatichi, in merito alla chiusura della Rsa di Villetta San Romano.<\/p>\n<p>\u201cLa necessit\u00e0 di una gestione sostenibile dei conti in sanit\u00e0 \u00e8 imprescindibile anche per il territorio della provincia di Lucca, ma questo non vuol dire perdere di vista l\u2019attenzione e la tutela delle esigenze dei territori, obiettivo che la stessa riorganizzazione intende perseguire. \u2013 prosegue Giovannetti &#8211; Ai problemi infrastrutturali della RSA occorre pertanto dare rapida soluzione, garantendo risorse e tempi certi per l\u2019adeguamento: \u00e8 infatti urgente rimettere in funzione la struttura, restituendo cos\u00ec ai cittadini i servizi di cui hanno bisogno, portando avanti le attivit\u00e0 di ripristino in totale trasparenza, in modo che cittadini e amministratori possano costantemente verificare il rispetto degli impegni presi dall\u2019azienda, che io stessa mi occuper\u00f2 di monitorare dall\u2019assemblea regionale\u201d.<\/p>\n<p>\u201cAllo stesso tempo occorrono atti concreti di riconoscimento e tutela delle professionalit\u00e0 che si sono create all\u2019interno della struttura, ad esempio per quanto riguarda l\u2019hospice, realt\u00e0 imprescindibile nel territorio per il servizio che svolge e per la sua alta qualit\u00e0. \u2013 conclude Giovannetti &#8211; Sarebbe pertanto una scelta profondamente sbagliata disperdere le competenze che il personale ha maturato. Proprio le competenze e la sensibilit\u00e0 rappresentano i capisaldi di quella medicina capace di creare piena sintonia fra operatore e paziente, ovvero il paradigma di un nuovo modo di fare sanit\u00e0 che abbiamo intenzione di promuovere al meglio\u201d.<\/p>\n<p>&nbsp;<\/p>\n<p>&nbsp;<\/p>\n","protected":false},"excerpt":{"rendered":"<p>La consigliera regionale Pd Ilaria Giovannetti, componente della Commissione Sanit\u00e0 e politiche sociali a Palazzo Panciatichi, interviene in merito alla chiusura della Rsa di Villetta San Romano \u201cIl processo di riorganizzazione della sanit\u00e0 toscana ha fra i suoi principi di riferimento la vicinanza ai territori e l\u2019attenzione alle zone disagiate, come esplicitato nella legge del [&hellip;]<\/p>\n","protected":false},"author":1,"featured_media":9999,"comment_status":"closed","ping_status":"closed","sticky":false,"template":"","format":"standard","meta":{"_jetpack_memberships_contains_paid_content":false,"footnotes":""},"categories":[30,965],"tags":[],"class_list":{"0":"post-10146","1":"post","2":"type-post","3":"status-publish","4":"format-standard","5":"has-post-thumbnail","7":"category-comunicati-stampa","8":"category-ilaria-giovannetti","9":"czr-hentry"},"jetpack_featured_media_url":"https:\/\/www.gruppopdregionetoscana.it\/web\/wp-content\/uploads\/2015\/07\/giovannetti.jpg","jetpack_sharing_enabled":true,"_links":{"self":[{"href":"https:\/\/www.gruppopdregionetoscana.it\/web\/wp-json\/wp\/v2\/posts\/10146","targetHints":{"allow":["GET"]}}],"collection":[{"href":"https:\/\/www.gruppopdregionetoscana.it\/web\/wp-json\/wp\/v2\/posts"}],"about":[{"href":"https:\/\/www.gruppopdregionetoscana.it\/web\/wp-json\/wp\/v2\/types\/post"}],"author":[{"embeddable":true,"href":"https:\/\/www.gruppopdregionetoscana.it\/web\/wp-json\/wp\/v2\/users\/1"}],"replies":[{"embeddable":true,"href":"https:\/\/www.gruppopdregionetoscana.it\/web\/wp-json\/wp\/v2\/comments?post=10146"}],"version-history":[{"count":0,"href":"https:\/\/www.gruppopdregionetoscana.it\/web\/wp-json\/wp\/v2\/posts\/10146\/revisions"}],"wp:featuredmedia":[{"embeddable":true,"href":"https:\/\/www.gruppopdregionetoscana.it\/web\/wp-json\/wp\/v2\/media\/9999"}],"wp:attachment":[{"href":"https:\/\/www.gruppopdregionetoscana.it\/web\/wp-json\/wp\/v2\/media?parent=10146"}],"wp:term":[{"taxonomy":"category","embeddable":true,"href":"https:\/\/www.gruppopdregionetoscana.it\/web\/wp-json\/wp\/v2\/categories?post=10146"},{"taxonomy":"post_tag","embeddable":true,"href":"https:\/\/www.gruppopdregionetoscana.it\/web\/wp-json\/wp\/v2\/tags?post=10146"}],"curies":[{"name":"wp","href":"https:\/\/api.w.org\/{rel}","templated":true}]}}