{"id":10148,"date":"2015-08-04T16:01:52","date_gmt":"2015-08-04T14:01:52","guid":{"rendered":"http:\/\/www.gruppopdregionetoscana.it\/web\/?p=10148"},"modified":"2015-08-06T15:02:11","modified_gmt":"2015-08-06T13:02:11","slug":"massimo-baldi-pd-operazioneventipercento-mia-indennita-alle-associazioni-pistoiesi","status":"publish","type":"post","link":"https:\/\/www.gruppopdregionetoscana.it\/web\/massimo-baldi-pd-operazioneventipercento-mia-indennita-alle-associazioni-pistoiesi\/","title":{"rendered":"Massimo Baldi (Pd): &#8220;Operazioneventipercento: un quinto della mia indennit\u00e0 alle associazioni pistoiesi&#8221;"},"content":{"rendered":"<p><strong>Il consigliere regionale Pd lancia una gara con la quale ogni sei mesi sar\u00e0 finanziato un progetto a finalit\u00e0 socio-culturale.<\/strong><\/p>\n<p>&nbsp;<\/p>\n<p><a href=\"http:\/\/www.gruppopdregionetoscana.it\/web\/wp-content\/uploads\/2015\/08\/baldi2.jpg\"><img loading=\"lazy\" decoding=\"async\" class=\"alignleft size-medium wp-image-10176\" src=\"http:\/\/www.gruppopdregionetoscana.it\/web\/wp-content\/uploads\/2015\/08\/baldi2-300x228.jpg\" alt=\"baldi2\" width=\"300\" height=\"228\" srcset=\"https:\/\/www.gruppopdregionetoscana.it\/web\/wp-content\/uploads\/2015\/08\/baldi2-300x228.jpg 300w, https:\/\/www.gruppopdregionetoscana.it\/web\/wp-content\/uploads\/2015\/08\/baldi2-180x138.jpg 180w, https:\/\/www.gruppopdregionetoscana.it\/web\/wp-content\/uploads\/2015\/08\/baldi2.jpg 900w\" sizes=\"auto, (max-width: 300px) 100vw, 300px\" \/><\/a>&#8220;L&#8217;avevo promesso in campagna elettorale e con l&#8217;inizio del mio mandato in Consiglio Regionale ho voluto subito lanciare quella che ho chiamato <strong>Operazioneventipercento<\/strong>. Come annunciato lo scorso 13 maggio, <strong>un quinto della mia indennit\u00e0 da consigliere<\/strong> andr\u00e0 a finanziare i progetti di associazioni della provincia di Pistoia. La prima tranche \u00e8 gi\u00e0 assegnata all\u2019Associazione \u201cAmo la Montagna\u201d per la realizzazione di un portale web dedicato alla storia e alla promozione della montagna pistoiese. La gara si svolger\u00e0 con cadenza semestrale e <strong>il contributo sar\u00e0 quindi di 5760 euro<\/strong>, destinati a progetti di utilit\u00e0 socio-culturale per il nostro territorio&#8221;.<\/p>\n<p>&nbsp;<\/p>\n<p>&#8220;Nel mio sito personale (www.massimobaldi.com) si trovano tutte le modalit\u00e0 di partecipazioni e i criteri, precisi e trasparenti, tramite i quali saranno valutate le candidature. Le nostre associazioni rappresentano un&#8217;imprescindibile risorsa, una sorta di \u2018protesi\u2019 degli enti pubblici, che sempre pi\u00f9 dovranno essere premiate in un quadro di vera sussidiariet\u00e0. Il mio \u00e8 un piccolo gesto, ma lo ritengo importante per riavvicinare la politica alla societ\u00e0 civile, perch\u00e9 non \u00e8 vero che i politici sono tutti uguali e che niente cambier\u00e0 mai davvero. E&#8217; la politica che deve fare il primo passo in questa direzione ed io ho deciso di farlo mettendo a disposizione del mio territorio questa opportunit\u00e0&#8221;.<\/p>\n<p>&nbsp;<\/p>\n<p>Cos\u00ec il <strong>consigliere regionale Pd Massimo Baldi<\/strong> ha commentato la sua iniziativa con la quale destiner\u00e0 un quinto della propria indennit\u00e0 a progetti di associazioni pistoiesi operanti in attivit\u00e0 culturali, sociali e socio-sanitarie, filantropiche e di innovazione e ricerca.<\/p>\n","protected":false},"excerpt":{"rendered":"<p>Il consigliere regionale Pd lancia una gara con la quale ogni sei mesi sar\u00e0 finanziato un progetto a finalit\u00e0 socio-culturale. &nbsp; &#8220;L&#8217;avevo promesso in campagna elettorale e con l&#8217;inizio del mio mandato in Consiglio Regionale ho voluto subito lanciare quella che ho chiamato Operazioneventipercento. Come annunciato lo scorso 13 maggio, un quinto della mia indennit\u00e0 [&hellip;]<\/p>\n","protected":false},"author":1,"featured_media":10176,"comment_status":"closed","ping_status":"closed","sticky":false,"template":"","format":"standard","meta":{"_jetpack_memberships_contains_paid_content":false,"footnotes":""},"categories":[30,959],"tags":[],"class_list":{"0":"post-10148","1":"post","2":"type-post","3":"status-publish","4":"format-standard","5":"has-post-thumbnail","7":"category-comunicati-stampa","8":"category-massimo-baldi","9":"czr-hentry"},"jetpack_featured_media_url":"https:\/\/www.gruppopdregionetoscana.it\/web\/wp-content\/uploads\/2015\/08\/baldi2.jpg","jetpack_sharing_enabled":true,"_links":{"self":[{"href":"https:\/\/www.gruppopdregionetoscana.it\/web\/wp-json\/wp\/v2\/posts\/10148","targetHints":{"allow":["GET"]}}],"collection":[{"href":"https:\/\/www.gruppopdregionetoscana.it\/web\/wp-json\/wp\/v2\/posts"}],"about":[{"href":"https:\/\/www.gruppopdregionetoscana.it\/web\/wp-json\/wp\/v2\/types\/post"}],"author":[{"embeddable":true,"href":"https:\/\/www.gruppopdregionetoscana.it\/web\/wp-json\/wp\/v2\/users\/1"}],"replies":[{"embeddable":true,"href":"https:\/\/www.gruppopdregionetoscana.it\/web\/wp-json\/wp\/v2\/comments?post=10148"}],"version-history":[{"count":0,"href":"https:\/\/www.gruppopdregionetoscana.it\/web\/wp-json\/wp\/v2\/posts\/10148\/revisions"}],"wp:featuredmedia":[{"embeddable":true,"href":"https:\/\/www.gruppopdregionetoscana.it\/web\/wp-json\/wp\/v2\/media\/10176"}],"wp:attachment":[{"href":"https:\/\/www.gruppopdregionetoscana.it\/web\/wp-json\/wp\/v2\/media?parent=10148"}],"wp:term":[{"taxonomy":"category","embeddable":true,"href":"https:\/\/www.gruppopdregionetoscana.it\/web\/wp-json\/wp\/v2\/categories?post=10148"},{"taxonomy":"post_tag","embeddable":true,"href":"https:\/\/www.gruppopdregionetoscana.it\/web\/wp-json\/wp\/v2\/tags?post=10148"}],"curies":[{"name":"wp","href":"https:\/\/api.w.org\/{rel}","templated":true}]}}