{"id":10159,"date":"2015-08-05T15:47:50","date_gmt":"2015-08-05T13:47:50","guid":{"rendered":"http:\/\/www.gruppopdregionetoscana.it\/web\/?p=10159"},"modified":"2015-08-05T16:06:03","modified_gmt":"2015-08-05T14:06:03","slug":"sanita-questione-precari-serena-spinelli-pd-bene-commissione-dare-risposte-stabilizzino-energie-migliori","status":"publish","type":"post","link":"https:\/\/www.gruppopdregionetoscana.it\/web\/sanita-questione-precari-serena-spinelli-pd-bene-commissione-dare-risposte-stabilizzino-energie-migliori\/","title":{"rendered":"Sanit\u00e0, questione precari, Serena Spinelli (Pd): \u201cBene il lavoro della commissione. Dare risposte che stabilizzino il lavoro e le energie migliori\u201d"},"content":{"rendered":"<p style=\"text-align: justify;\"><a href=\"http:\/\/www.gruppopdregionetoscana.it\/web\/wp-content\/uploads\/2015\/07\/spinelli.jpg\"><img loading=\"lazy\" decoding=\"async\" class=\"alignleft  wp-image-10010\" src=\"http:\/\/www.gruppopdregionetoscana.it\/web\/wp-content\/uploads\/2015\/07\/spinelli.jpg\" alt=\"spinelli\" width=\"169\" height=\"169\" srcset=\"https:\/\/www.gruppopdregionetoscana.it\/web\/wp-content\/uploads\/2015\/07\/spinelli.jpg 298w, https:\/\/www.gruppopdregionetoscana.it\/web\/wp-content\/uploads\/2015\/07\/spinelli-150x150.jpg 150w, https:\/\/www.gruppopdregionetoscana.it\/web\/wp-content\/uploads\/2015\/07\/spinelli-66x66.jpg 66w\" sizes=\"auto, (max-width: 169px) 100vw, 169px\" \/><\/a>\u00abLavoriamo per un\u2019accelerazione sui concorsi\u00a0 e una presa di posizione della politica per superare gli stalli burocratici che inchiodano i lavoratori della sanit\u00e0 in una situazione di precariet\u00e0 lavorativa ed economica. Insieme al presidente Stefano Scaramelli ho condiviso il percorso avviato che riguarda la questione dei precari della sanit\u00e0 e penso sia importante aver cominciato con la riunione della commissione \u201caperta\u201d che abbiamo tenuto oggi a Palazzo Panciatichi.\u00bb.<\/p>\n<p style=\"text-align: justify;\">E\u2019 quanto dichiara la consigliera regionale del Pd <strong>Serena Spinelli<\/strong>, medico al Meyer di Firenze e che fa parte della commissione sanit\u00e0.<\/p>\n<p style=\"text-align: justify;\">\u00abE\u2019 fondamentale \u2013 ha spiegato Spinelli &#8211; tutelare coloro che entreranno nel mondo del lavoro e i precari che fino ad oggi hanno lavorato. Chiediamo di tenere in vita le graduatorie fino a che non ne saranno istituite delle nuove, quelle cio\u00e8 che scaturiranno dai nuovi concorsi, che vanno fatti il prima possibile. L\u2019obiettivo \u00e8 quello di stabilizzare e far lavorare nella sanit\u00e0 le migliori risorse, perch\u00e9 il lavoro sia una certezza e non fonte di insicurezza. Mi auguro che il nostro lavoro e l\u2019impegno della commissione possa contribuire concretamente ad un esito positivo della vicenda\u00bb.<\/p>\n","protected":false},"excerpt":{"rendered":"<p>\u00abLavoriamo per un\u2019accelerazione sui concorsi\u00a0 e una presa di posizione della politica per superare gli stalli burocratici che inchiodano i lavoratori della sanit\u00e0 in una situazione di precariet\u00e0 lavorativa ed economica. Insieme al presidente Stefano Scaramelli ho condiviso il percorso avviato che riguarda la questione dei precari della sanit\u00e0 e penso sia importante aver cominciato [&hellip;]<\/p>\n","protected":false},"author":1,"featured_media":10163,"comment_status":"closed","ping_status":"closed","sticky":false,"template":"","format":"standard","meta":{"_jetpack_memberships_contains_paid_content":false,"footnotes":""},"categories":[30],"tags":[105,101],"class_list":{"0":"post-10159","1":"post","2":"type-post","3":"status-publish","4":"format-standard","5":"has-post-thumbnail","7":"category-comunicati-stampa","8":"tag-lavoro","9":"tag-sanita","10":"czr-hentry"},"jetpack_featured_media_url":"https:\/\/www.gruppopdregionetoscana.it\/web\/wp-content\/uploads\/2015\/08\/DSC6307.jpg","jetpack_sharing_enabled":true,"_links":{"self":[{"href":"https:\/\/www.gruppopdregionetoscana.it\/web\/wp-json\/wp\/v2\/posts\/10159","targetHints":{"allow":["GET"]}}],"collection":[{"href":"https:\/\/www.gruppopdregionetoscana.it\/web\/wp-json\/wp\/v2\/posts"}],"about":[{"href":"https:\/\/www.gruppopdregionetoscana.it\/web\/wp-json\/wp\/v2\/types\/post"}],"author":[{"embeddable":true,"href":"https:\/\/www.gruppopdregionetoscana.it\/web\/wp-json\/wp\/v2\/users\/1"}],"replies":[{"embeddable":true,"href":"https:\/\/www.gruppopdregionetoscana.it\/web\/wp-json\/wp\/v2\/comments?post=10159"}],"version-history":[{"count":0,"href":"https:\/\/www.gruppopdregionetoscana.it\/web\/wp-json\/wp\/v2\/posts\/10159\/revisions"}],"wp:featuredmedia":[{"embeddable":true,"href":"https:\/\/www.gruppopdregionetoscana.it\/web\/wp-json\/wp\/v2\/media\/10163"}],"wp:attachment":[{"href":"https:\/\/www.gruppopdregionetoscana.it\/web\/wp-json\/wp\/v2\/media?parent=10159"}],"wp:term":[{"taxonomy":"category","embeddable":true,"href":"https:\/\/www.gruppopdregionetoscana.it\/web\/wp-json\/wp\/v2\/categories?post=10159"},{"taxonomy":"post_tag","embeddable":true,"href":"https:\/\/www.gruppopdregionetoscana.it\/web\/wp-json\/wp\/v2\/tags?post=10159"}],"curies":[{"name":"wp","href":"https:\/\/api.w.org\/{rel}","templated":true}]}}