{"id":10180,"date":"2015-08-06T16:32:33","date_gmt":"2015-08-06T14:32:33","guid":{"rendered":"http:\/\/www.gruppopdregionetoscana.it\/web\/?p=10180"},"modified":"2015-08-06T16:32:33","modified_gmt":"2015-08-06T14:32:33","slug":"asl-area-vasta-centro-nomine-staff-morello-ciolini-pd-vogliamo-coinvolgimento-incontrero-presto-commissario","status":"publish","type":"post","link":"https:\/\/www.gruppopdregionetoscana.it\/web\/asl-area-vasta-centro-nomine-staff-morello-ciolini-pd-vogliamo-coinvolgimento-incontrero-presto-commissario\/","title":{"rendered":"Asl Area Vasta Centro, Nomine staff Morello, Ciolini (Pd): \u201cVogliamo coinvolgimento, incontrer\u00f2 presto il commissario\u201d"},"content":{"rendered":"<p><a href=\"http:\/\/www.gruppopdregionetoscana.it\/web\/wp-content\/uploads\/2015\/08\/DSC6402.jpg\"><img loading=\"lazy\" decoding=\"async\" class=\"alignleft size-medium wp-image-10181\" src=\"http:\/\/www.gruppopdregionetoscana.it\/web\/wp-content\/uploads\/2015\/08\/DSC6402-300x200.jpg\" alt=\"_DSC6402\" width=\"300\" height=\"200\" srcset=\"https:\/\/www.gruppopdregionetoscana.it\/web\/wp-content\/uploads\/2015\/08\/DSC6402-300x200.jpg 300w, https:\/\/www.gruppopdregionetoscana.it\/web\/wp-content\/uploads\/2015\/08\/DSC6402-1024x683.jpg 1024w\" sizes=\"auto, (max-width: 300px) 100vw, 300px\" \/><\/a>FIRENZE 06.08.2015 (c.b.) \u00abUn fatto \u00e8 certo: la strada che porta alle unificazione delle ASL gi\u00e0 di per se \u00e8 difficile e necessita della collaborazione e il coinvolgimento di tutti i soggetti interessati. Certamente non accetteremo decisioni prese senza essere stati coinvolti. Per quanto riguarda il nucleo tecnico del commissario non \u00e8 organo che riveste importanza strategica ma \u00e8 soltanto composto da personale amministrativo di supporto al commissario. La prossima settimana incontrer\u00f2 il dottor Morello per fare il punto e conoscere i suoi progetti per la definizione della Asl unica\u00bb.<\/p>\n<p>Lo dice <strong>Nicola Ciolini<\/strong>, consigliere regionale Pd e membro della commissione sanit\u00e0 nell\u2019Assemblea toscana, commentando le notizie che riguardano il nuovo nucleo tecnico del commissario delle aziende sanitarie dell\u2019area vasta centro.<\/p>\n<p>\u00abHo gi\u00e0 avuto modo nei giorni scorsi \u2013 aggiunge Ciolini \u2013 di manifestare all\u2019assessore regionale Saccardi la necessit\u00e0 di prato di essere adeguatamente coinvolta nel processo di fusione. Un processo di integrazione organizzativa deve puntare a uno spirito collaborativo. Spero \u2013 conclude il consigliere \u2013 che si possa trovare una \u00a0rotta comune, puntando da subito a un equilibrio maggiore tra i vari territori interessati dal percorso di unificazione e sono certo che l\u2019assessore Saccardi sapr\u00e0 svolgere al meglio il suo ruolo anche in questa partita\u00bb.<\/p>\n<p>&nbsp;<\/p>\n<p>&nbsp;<\/p>\n","protected":false},"excerpt":{"rendered":"<p>FIRENZE 06.08.2015 (c.b.) \u00abUn fatto \u00e8 certo: la strada che porta alle unificazione delle ASL gi\u00e0 di per se \u00e8 difficile e necessita della collaborazione e il coinvolgimento di tutti i soggetti interessati. Certamente non accetteremo decisioni prese senza essere stati coinvolti. Per quanto riguarda il nucleo tecnico del commissario non \u00e8 organo che riveste [&hellip;]<\/p>\n","protected":false},"author":1,"featured_media":10181,"comment_status":"closed","ping_status":"closed","sticky":false,"template":"","format":"standard","meta":{"_jetpack_memberships_contains_paid_content":false,"footnotes":""},"categories":[30,963],"tags":[101],"class_list":{"0":"post-10180","1":"post","2":"type-post","3":"status-publish","4":"format-standard","5":"has-post-thumbnail","7":"category-comunicati-stampa","8":"category-nicola-ciolini","9":"tag-sanita","10":"czr-hentry"},"jetpack_featured_media_url":"https:\/\/www.gruppopdregionetoscana.it\/web\/wp-content\/uploads\/2015\/08\/DSC6402.jpg","jetpack_sharing_enabled":true,"_links":{"self":[{"href":"https:\/\/www.gruppopdregionetoscana.it\/web\/wp-json\/wp\/v2\/posts\/10180","targetHints":{"allow":["GET"]}}],"collection":[{"href":"https:\/\/www.gruppopdregionetoscana.it\/web\/wp-json\/wp\/v2\/posts"}],"about":[{"href":"https:\/\/www.gruppopdregionetoscana.it\/web\/wp-json\/wp\/v2\/types\/post"}],"author":[{"embeddable":true,"href":"https:\/\/www.gruppopdregionetoscana.it\/web\/wp-json\/wp\/v2\/users\/1"}],"replies":[{"embeddable":true,"href":"https:\/\/www.gruppopdregionetoscana.it\/web\/wp-json\/wp\/v2\/comments?post=10180"}],"version-history":[{"count":0,"href":"https:\/\/www.gruppopdregionetoscana.it\/web\/wp-json\/wp\/v2\/posts\/10180\/revisions"}],"wp:featuredmedia":[{"embeddable":true,"href":"https:\/\/www.gruppopdregionetoscana.it\/web\/wp-json\/wp\/v2\/media\/10181"}],"wp:attachment":[{"href":"https:\/\/www.gruppopdregionetoscana.it\/web\/wp-json\/wp\/v2\/media?parent=10180"}],"wp:term":[{"taxonomy":"category","embeddable":true,"href":"https:\/\/www.gruppopdregionetoscana.it\/web\/wp-json\/wp\/v2\/categories?post=10180"},{"taxonomy":"post_tag","embeddable":true,"href":"https:\/\/www.gruppopdregionetoscana.it\/web\/wp-json\/wp\/v2\/tags?post=10180"}],"curies":[{"name":"wp","href":"https:\/\/api.w.org\/{rel}","templated":true}]}}