{"id":10183,"date":"2015-08-07T12:45:56","date_gmt":"2015-08-07T10:45:56","guid":{"rendered":"http:\/\/www.gruppopdregionetoscana.it\/web\/?p=10183"},"modified":"2015-08-07T13:04:21","modified_gmt":"2015-08-07T11:04:21","slug":"luminara-pisa-via-libera-giani-proposta-conferire-gonfalone-dargento","status":"publish","type":"post","link":"https:\/\/www.gruppopdregionetoscana.it\/web\/luminara-pisa-via-libera-giani-proposta-conferire-gonfalone-dargento\/","title":{"rendered":"Gonfalone d&#8217;argento alla Luminara di Pisa, via libera di Giani alla proposta di Mazzeo, Nardini e Pieroni"},"content":{"rendered":"<p><a href=\"http:\/\/www.gruppopdregionetoscana.it\/web\/wp-content\/uploads\/2015\/08\/75a9d126f09679f0a6dc704edcafaf.jpg\"><img loading=\"lazy\" decoding=\"async\" class=\"alignleft size-medium wp-image-10184\" src=\"http:\/\/www.gruppopdregionetoscana.it\/web\/wp-content\/uploads\/2015\/08\/75a9d126f09679f0a6dc704edcafaf-300x200.jpg\" alt=\"75a9d126f09679f0a6dc704edcafaf\" width=\"300\" height=\"200\" srcset=\"https:\/\/www.gruppopdregionetoscana.it\/web\/wp-content\/uploads\/2015\/08\/75a9d126f09679f0a6dc704edcafaf-300x200.jpg 300w, https:\/\/www.gruppopdregionetoscana.it\/web\/wp-content\/uploads\/2015\/08\/75a9d126f09679f0a6dc704edcafaf.jpg 800w\" sizes=\"auto, (max-width: 300px) 100vw, 300px\" \/><\/a>\u201cNell\u2019ultimo ufficio di presidenza, d\u2019accordo coi colleghi consiglieri Alessandra Nardini e Andrea Pieroni, ho chiesto al presidente Eugenio Giani di procedere al conferimento del Gonfalone d\u2019Argento alla Luminara di Pisa. La proposta \u00e8 stata accolta di buon grado e speriamo quindi che i prossimi mesi possano vedere la storica manifestazione di Pisa insignita del riconoscimento regionale oltre, come tutti auspichiamo, del titolo di patrimonio culturale immateriale dell\u2019Unesco\u201d.<\/p>\n<p>&nbsp;<\/p>\n<p>Cos\u00ec il consigliere regionale e membro dell\u2019Ufficio di Presidenza Antonio Mazzeo all\u2019indomani dell\u2019incontro avuto, insieme allo stesso Giani, con il sindaco di Pisa Marco Filippeschi e che ha avuto, tra i vari temi trattati, anche quello relativo all\u2019annuale appuntamento del 16 giugno alla vigilia del patrono San Ranieri. Da 4 anni, infatti, il Comune sta lavorando alla candidatura della Luminara a patrimonio culturale immateriale Unesco e se l\u2019anno scorso in extremis le fu preferita la pizza di Napoli, quest\u2019anno il tentativo si rinnova con la spinta anche del consiglio regionale.<\/p>\n<p>&nbsp;<\/p>\n<p>\u201cPer Pisa sarebbe un riconoscimento importante \u00a0&#8211; spiegano Mazzeo, Nardini e Pieroni \u2013 e un modo per far conoscere ancor pi\u00f9 nel mondo la citt\u00e0 e una manifestazione che rappresenta una delle esperienze pi\u00f9 belle e pi\u00f9 caratteristiche della nostra regione. La Toscana \u00e8 una terra ricca di feste e di tradizioni ma il panorama che offrono i lungarni di Pisa al calar della sera in occasione della Luminara \u00e8 uno spettacolo che resta indimenticabile e unico nel suo genere per tutti coloro che hanno la fortuna di viverlo dal vivo almeno una volta nella vita e che dobbiamo davvero trovar il modo di valorizzare e far conoscere sempre pi\u00f9. Per parte nostra abbiamo intanto proposto il conferimento del Gonfalone d\u2019Argento in virt\u00f9 del valore storico e culturale della manifestazione e visto il parere favorevole gi\u00e0 espresso dalla commissione nazionale italiana per l\u2019Unesco all\u2019iscrizione della Luminara tra le candidature italiane da portare a Parigi, seguiremo da vicino la vicenda sperando di poter dare a Pisa e a questa manifestazione l\u2019onorificenza che merita\u201d.<\/p>\n","protected":false},"excerpt":{"rendered":"<p>\u201cNell\u2019ultimo ufficio di presidenza, d\u2019accordo coi colleghi consiglieri Alessandra Nardini e Andrea Pieroni, ho chiesto al presidente Eugenio Giani di procedere al conferimento del Gonfalone d\u2019Argento alla Luminara di Pisa. La proposta \u00e8 stata accolta di buon grado e speriamo quindi che i prossimi mesi possano vedere la storica manifestazione di Pisa insignita del riconoscimento [&hellip;]<\/p>\n","protected":false},"author":1,"featured_media":10184,"comment_status":"closed","ping_status":"closed","sticky":false,"template":"","format":"standard","meta":{"_jetpack_memberships_contains_paid_content":false,"footnotes":""},"categories":[968,970,966,30],"tags":[],"class_list":{"0":"post-10183","1":"post","2":"type-post","3":"status-publish","4":"format-standard","5":"has-post-thumbnail","7":"category-alessandra-nardini","8":"category-andrea-pieroni","9":"category-antonio-mazzeo","10":"category-comunicati-stampa","11":"czr-hentry"},"jetpack_featured_media_url":"https:\/\/www.gruppopdregionetoscana.it\/web\/wp-content\/uploads\/2015\/08\/75a9d126f09679f0a6dc704edcafaf.jpg","jetpack_sharing_enabled":true,"_links":{"self":[{"href":"https:\/\/www.gruppopdregionetoscana.it\/web\/wp-json\/wp\/v2\/posts\/10183","targetHints":{"allow":["GET"]}}],"collection":[{"href":"https:\/\/www.gruppopdregionetoscana.it\/web\/wp-json\/wp\/v2\/posts"}],"about":[{"href":"https:\/\/www.gruppopdregionetoscana.it\/web\/wp-json\/wp\/v2\/types\/post"}],"author":[{"embeddable":true,"href":"https:\/\/www.gruppopdregionetoscana.it\/web\/wp-json\/wp\/v2\/users\/1"}],"replies":[{"embeddable":true,"href":"https:\/\/www.gruppopdregionetoscana.it\/web\/wp-json\/wp\/v2\/comments?post=10183"}],"version-history":[{"count":0,"href":"https:\/\/www.gruppopdregionetoscana.it\/web\/wp-json\/wp\/v2\/posts\/10183\/revisions"}],"wp:featuredmedia":[{"embeddable":true,"href":"https:\/\/www.gruppopdregionetoscana.it\/web\/wp-json\/wp\/v2\/media\/10184"}],"wp:attachment":[{"href":"https:\/\/www.gruppopdregionetoscana.it\/web\/wp-json\/wp\/v2\/media?parent=10183"}],"wp:term":[{"taxonomy":"category","embeddable":true,"href":"https:\/\/www.gruppopdregionetoscana.it\/web\/wp-json\/wp\/v2\/categories?post=10183"},{"taxonomy":"post_tag","embeddable":true,"href":"https:\/\/www.gruppopdregionetoscana.it\/web\/wp-json\/wp\/v2\/tags?post=10183"}],"curies":[{"name":"wp","href":"https:\/\/api.w.org\/{rel}","templated":true}]}}