{"id":10424,"date":"2015-09-04T16:29:42","date_gmt":"2015-09-04T14:29:42","guid":{"rendered":"http:\/\/www.gruppopdregionetoscana.it\/web\/?p=10424"},"modified":"2015-09-04T16:39:36","modified_gmt":"2015-09-04T14:39:36","slug":"geotermia-comuni-metalliferi-pisani-pieroni-e-mazzeo-pd-hanno-incontrato-i-sindaci-del-territorio","status":"publish","type":"post","link":"https:\/\/www.gruppopdregionetoscana.it\/web\/geotermia-comuni-metalliferi-pisani-pieroni-e-mazzeo-pd-hanno-incontrato-i-sindaci-del-territorio\/","title":{"rendered":"Geotermia, Comuni Metalliferi Pisani. Pieroni e Mazzeo (Pd) hanno incontrato i sindaci del territorio"},"content":{"rendered":"<p><em>I due consiglieri regionali hanno illustrato ai primi cittadini di Monteverdi Marittimo, Monterotondo e Pomarance anche i contenuti della risoluzione che sar\u00e0 presto discussa in Regione.<\/em><\/p>\n<p>&nbsp;<\/p>\n<p>&nbsp;<\/p>\n<p><a href=\"http:\/\/www.gruppopdregionetoscana.it\/web\/wp-content\/uploads\/2015\/09\/mazzeo-pieroni2.jpg\"><img loading=\"lazy\" decoding=\"async\" class=\"alignleft wp-image-10425\" src=\"http:\/\/www.gruppopdregionetoscana.it\/web\/wp-content\/uploads\/2015\/09\/mazzeo-pieroni2.jpg\" alt=\"mazzeo-pieroni2\" width=\"376\" height=\"211\" srcset=\"https:\/\/www.gruppopdregionetoscana.it\/web\/wp-content\/uploads\/2015\/09\/mazzeo-pieroni2.jpg 600w, https:\/\/www.gruppopdregionetoscana.it\/web\/wp-content\/uploads\/2015\/09\/mazzeo-pieroni2-300x168.jpg 300w\" sizes=\"auto, (max-width: 376px) 100vw, 376px\" \/><\/a>\u00abSiamo favorevoli allo sviluppo di tutta la geotermia come eccellenza del territorio e opportunit\u00e0 di crescita della Val di Cecina. Il nostro impegno sar\u00e0 quello di sostenere le attivit\u00e0 di sviluppo, incentivando la ricerca e l\u2019utilizzo di impianti innovativi che siano in grado di sfruttare l&#8217;energia anche per la realizzazione di prodotti artigianali. Inoltre, tenendo sempre ferma la necessit\u00e0 di tutelare il territorio e l\u2019ambiente, crediamo sia importante attivarsi per superare quegli ostacoli che hanno impedito le attivit\u00e0 necessarie allo sviluppo attraverso la semplificazione delle procedure burocratiche. Accanto a questo continueremo a impegnarci perch\u00e9 venga messo a punto il prima possibile un piano di sviluppo complessivo per l\u2019intera Val di Cecina che punti sia alla salvaguardia e al consolidamento delle realt\u00e0 esistenti sia all&#8217;attrazione di nuove produzioni e nuovi investimenti\u00bb.<\/p>\n<p>&nbsp;<\/p>\n<p>Lo hanno detto <strong>Andrea Pieroni<\/strong> e <strong>Antonio Mazzeo<\/strong>, consiglieri regionali del Pd, incontrando questa mattina a Monteverdi Marittimo i sindaci dei territori interessati dallo sviluppo geotermico (oltre a Monteverdi Marittimo, Monterotondo e Pomarance).<\/p>\n<p>&nbsp;<\/p>\n<p>Mazzeo e Pieroni hanno anche presentato ai sindaci la <strong>proposta di risoluzione<\/strong>, presentata in Consiglio regionale e che sar\u00e0 presto all\u2019ordine del giorno dell\u2019Aula. Il documento \u00e8 stato firmato anche dall\u2019altra consigliera del Pd, <strong>Alessandra Nardini<\/strong>, assente questa mattina all\u2019incontro con i sindaci per impegni istituzionali concomitanti.<\/p>\n<p>&nbsp;<\/p>\n<p>Nel testo della risoluzione si ricorda che nel 2010 il Parlamento si \u00e8 espresso a favore dell\u2019utilizzo dell\u2019energia geotermica ed \u00e8 intervenuto per favorirne lo sviluppo con la semplificazione delle procedure; la Regione Toscana, nel 2013, ha approvato un protocollo d\u2019intesa, <strong>la\u00a0<em>Rete geotermica<\/em><\/strong>, alla luce degli obiettivi contenuti nel piano di sviluppo europeo che prevedono il supporto regionale al raggiungimento dell\u2019obiettivo nazionale del 17% di energia da fonti rinnovabili. A febbraio 2015 la Regione ha disposto una moratoria semestrale per la sospensione del rilascio di permessi di ricerca, aumentati significativamente con la liberalizzazione.<\/p>\n<p>&nbsp;<\/p>\n<p>\u00c8 importante riaffermare il<strong> valore strategico dell\u2019energia geotermica<\/strong>, anche dal punto di vista delle ricadute economiche e occupazionali che ha sui territori interessati, ma \u00e8 necessario coniugarne lo sviluppo della produzione <strong>con\u00a0la sua integrazione con il territorio<\/strong>,\u00a0definire norme omogenee di gestione dei programmi di ricerca e coltivazione della geotermia, che siano compatibili con\u00a0le caratteristiche del paesaggio e con la normativa che ne disciplina la conservazione e la trasformazione. Insomma, bisogna scegliere. Individuando consapevolmente le compatibilit\u00e0 e le tolleranze degli interventi.<\/p>\n<p>&nbsp;<\/p>\n<p>Altro punto importante contenuto nel documento targato Pd: oltre alle dovute valutazioni di carattere ambientale si compie anche un importante passo in avanti, prevedendo l\u2019utilizzo della <strong>conferenza di pianificazione<\/strong>, cos\u00ec come accade per le altre attivit\u00e0 che si insediano nel territorio aperto, si rimettono <strong>al centro i Comuni<\/strong>, perch\u00e9 non \u00e8 possibile generalizzare con una risposta, di concessione o negazione, per tutta la regione, ogni territorio ha le proprie caratteristiche e il Comune \u00e8 l\u2019ente che meglio pu\u00f2 valutare l\u2019opportunit\u00e0 di permettere o meno la costruzione di impianti per lo sfruttamento geotermico.<\/p>\n","protected":false},"excerpt":{"rendered":"<p>I due consiglieri regionali hanno illustrato ai primi cittadini di Monteverdi Marittimo, Monterotondo e Pomarance anche i contenuti della risoluzione che sar\u00e0 presto discussa in Regione. &nbsp; &nbsp; \u00abSiamo favorevoli allo sviluppo di tutta la geotermia come eccellenza del territorio e opportunit\u00e0 di crescita della Val di Cecina. Il nostro impegno sar\u00e0 quello di sostenere [&hellip;]<\/p>\n","protected":false},"author":1,"featured_media":10425,"comment_status":"closed","ping_status":"closed","sticky":false,"template":"","format":"standard","meta":{"_jetpack_memberships_contains_paid_content":false,"footnotes":""},"categories":[968,970,966,30],"tags":[1027,1026,111,180],"class_list":{"0":"post-10424","1":"post","2":"type-post","3":"status-publish","4":"format-standard","5":"has-post-thumbnail","7":"category-alessandra-nardini","8":"category-andrea-pieroni","9":"category-antonio-mazzeo","10":"category-comunicati-stampa","11":"tag-comuni-metalliferi","12":"tag-geotermia","13":"tag-pd","14":"tag-pisa","15":"czr-hentry"},"jetpack_featured_media_url":"https:\/\/www.gruppopdregionetoscana.it\/web\/wp-content\/uploads\/2015\/09\/mazzeo-pieroni2.jpg","jetpack_sharing_enabled":true,"_links":{"self":[{"href":"https:\/\/www.gruppopdregionetoscana.it\/web\/wp-json\/wp\/v2\/posts\/10424","targetHints":{"allow":["GET"]}}],"collection":[{"href":"https:\/\/www.gruppopdregionetoscana.it\/web\/wp-json\/wp\/v2\/posts"}],"about":[{"href":"https:\/\/www.gruppopdregionetoscana.it\/web\/wp-json\/wp\/v2\/types\/post"}],"author":[{"embeddable":true,"href":"https:\/\/www.gruppopdregionetoscana.it\/web\/wp-json\/wp\/v2\/users\/1"}],"replies":[{"embeddable":true,"href":"https:\/\/www.gruppopdregionetoscana.it\/web\/wp-json\/wp\/v2\/comments?post=10424"}],"version-history":[{"count":0,"href":"https:\/\/www.gruppopdregionetoscana.it\/web\/wp-json\/wp\/v2\/posts\/10424\/revisions"}],"wp:featuredmedia":[{"embeddable":true,"href":"https:\/\/www.gruppopdregionetoscana.it\/web\/wp-json\/wp\/v2\/media\/10425"}],"wp:attachment":[{"href":"https:\/\/www.gruppopdregionetoscana.it\/web\/wp-json\/wp\/v2\/media?parent=10424"}],"wp:term":[{"taxonomy":"category","embeddable":true,"href":"https:\/\/www.gruppopdregionetoscana.it\/web\/wp-json\/wp\/v2\/categories?post=10424"},{"taxonomy":"post_tag","embeddable":true,"href":"https:\/\/www.gruppopdregionetoscana.it\/web\/wp-json\/wp\/v2\/tags?post=10424"}],"curies":[{"name":"wp","href":"https:\/\/api.w.org\/{rel}","templated":true}]}}