{"id":10447,"date":"2015-09-07T14:03:55","date_gmt":"2015-09-07T12:03:55","guid":{"rendered":"http:\/\/www.gruppopdregionetoscana.it\/web\/?p=10447"},"modified":"2015-09-08T15:50:56","modified_gmt":"2015-09-08T13:50:56","slug":"san-marcello-piteglio-verso-il-comune-unico-baldi-e-niccolai-pd-presentano-la-proposta-di-legge-regionale","status":"publish","type":"post","link":"https:\/\/www.gruppopdregionetoscana.it\/web\/san-marcello-piteglio-verso-il-comune-unico-baldi-e-niccolai-pd-presentano-la-proposta-di-legge-regionale\/","title":{"rendered":"San Marcello-Piteglio, verso il Comune unico. Baldi e Niccolai (Pd) presentano la proposta di legge regionale"},"content":{"rendered":"<p><span style=\"color: #000000; font-family: Calibri;\"><a href=\"http:\/\/www.gruppopdregionetoscana.it\/web\/wp-content\/uploads\/2015\/09\/baldi-niccolai.jpg\"><img loading=\"lazy\" decoding=\"async\" class=\"alignleft  wp-image-10448\" src=\"http:\/\/www.gruppopdregionetoscana.it\/web\/wp-content\/uploads\/2015\/09\/baldi-niccolai.jpg\" alt=\"baldi niccolai\" width=\"357\" height=\"218\" srcset=\"https:\/\/www.gruppopdregionetoscana.it\/web\/wp-content\/uploads\/2015\/09\/baldi-niccolai.jpg 500w, https:\/\/www.gruppopdregionetoscana.it\/web\/wp-content\/uploads\/2015\/09\/baldi-niccolai-300x183.jpg 300w\" sizes=\"auto, (max-width: 357px) 100vw, 357px\" \/><\/a>\u00abL\u2019idea che ci ha spinto \u00e8 quella di completare il nuovo assetto istituzionale dei comuni della Montagna Pistoiese. Lo facciamo certamente d\u2019intesa con le amministrazioni comunali interessate, consapevoli che questo \u00e8 un tassello iniziale che vedr\u00e0 le comunit\u00e0 locali e gli stessi amministratori protagonisti del percorso, in una cornice toscana virtuosa, che punta a semplificare e razionalizzare\u00bb. <\/span><span style=\"font-family: Calibri;\"><span style=\"color: #000000;\">Lo dicono Massimo Baldi e Marco Niccolai, consiglieri regionali Pd, che oggi hanno presentato ufficialmente la proposta di legge <b>\u201cIstituzione del Comune di San Marcello Piteglio, per fusione dei Comuni di San Marcello Pistoiese e di\u00a0 Piteglio\u201d.<\/b><\/span><\/span><\/p>\n<p><span style=\"color: #000000; font-family: Calibri;\">\u00a0<\/span><span style=\"color: #000000; font-family: Calibri;\">Nel testo della proposta, si mettono in evidenza le motivazioni principali: \u201cIl progetto per il comune unico fra i Comuni di San Marcello Pistoiese e di\u00a0 Piteglio si pone nella prospettiva di un miglioramento continuo dei servizi erogati e della promozione di forme avanzate di collaborazione tra i territori; La fusione dei comuni di San Marcello Pistoiese e di Piteglio si colloca nell\u2019ambito della riforma del sistema delle autonomie e della semplificazione dei livelli istituzionali; I comuni di San Marcello Pistoiese e di\u00a0 Piteglio presentano realt\u00e0 socio economiche omogenee e integrate fra loro.<\/span><\/p>\n<p><span style=\"color: #000000; font-family: Calibri;\">\u00a0<\/span><span style=\"color: #000000; font-family: Calibri;\">Con il deposito della proposta di legge da parte di Baldi e Niccolai, quindi, parte l\u2019iter istituzionale che vedr\u00e0 varie tappe, cos\u00ec come prevede la normativa regionale in fatto di fusioni di comuni.<\/span><\/p>\n<p><span style=\"color: #000000; font-family: Calibri;\">La proposta approder\u00e0 in prima commissione (affari istituzionali), che inizier\u00e0 le consultazioni con i sindaci interessati. Nel contempo sar\u00e0 indetto il referendum consultivo delle popolazioni di San Marcello e Piteglio e solo dopo il suo svolgimento il Consiglio regionale potr\u00e0 completare il percorso votando in Aula la proposta di legge.<\/span><\/p>\n<p><b><span style=\"color: #000000; font-family: Calibri;\">\u00a0<\/span><\/b><\/p>\n<p><span style=\"color: #000000; font-family: Calibri;\">Qui di seguito i contenuti principali degli 11 articoli di cui \u00e8 composta la PdL:<\/span><\/p>\n<p><b><span style=\"color: #000000; font-family: Calibri;\">\u00a0<\/span><\/b><\/p>\n<p><span style=\"font-family: Calibri;\"><span style=\"color: #000000;\"><b>L&#8217;Articolo 1 <\/b>stabilisce l&#8217;istituzione del comune di San Marcello Piteglio a decorrere dal 1\u00b0 gennaio 2017, il cui territorio \u00e8 costituito dai territori gi\u00e0 appartenenti ai comuni di San Marcello Pistoiese e di\u00a0 Piteglio, la contestuale estinzione dei comuni di San Marcello Pistoiese e di\u00a0 Piteglio e la decadenza degli organi dei comuni estinti.<\/span><\/span><\/p>\n<p><b><span style=\"color: #000000; font-family: Calibri;\">\u00a0<\/span><\/b><\/p>\n<p><span style=\"font-family: Calibri;\"><span style=\"color: #000000;\"><b>L\u2019Articolo 2 <\/b>prevede la successione universale del nuovo comune di San Marcello Piteglio nei beni e nei rapporti attivi e passivi dei comuni estinti, compreso il trasferimento del personale.<\/span><\/span><\/p>\n<p><b><span style=\"color: #000000; font-family: Calibri;\">\u00a0<\/span><\/b><\/p>\n<p><span style=\"font-family: Calibri;\"><span style=\"color: #000000;\"><b>L\u2019articolo 3 <\/b>individua il commissario straordinario, nominato ai sensi della normativa vigente, quale organo di governo del nuovo comune fino all\u2019insediamento degli organi a seguito di elezioni.<\/span><\/span><\/p>\n<p><b><span style=\"color: #000000; font-family: Calibri;\">\u00a0<\/span><\/b><\/p>\n<p><span style=\"font-family: Calibri;\"><span style=\"color: #000000;\"><b>L\u2019articolo 4 <\/b>stabilisce che entro il 31 dicembre 2016 i sindaci dei comuni di San Marcello Pistoiese e di Piteglio definiscono, d\u2019intesa fra loro, l\u2019organizzazione amministrativa provvisoria del nuovo comune e che in assenza di definizione o per quanto non disposto decide il commissario. E\u2019 previsto che la sede provvisoria del comune di San Marcello Piteglio sia situata presso l\u2019estinto comune di San Marcello Pistoiese, salvo che lo statuto approvato dai consigli comunali prima dell\u2019istituzione del nuovo ente disponga diversamente.<\/span><\/span><\/p>\n<p><b><span style=\"color: #000000; font-family: Calibri;\">\u00a0<\/span><\/b><\/p>\n<p><span style=\"font-family: Calibri;\"><span style=\"color: #000000;\"><b>L\u2019articolo 5 <\/b>prevede, al fine di garantire la continuit\u00e0 amministrativa, che i regolamenti, gli atti amministrativi generali, i piani, gli strumenti urbanistici e i bilanci dei comuni estinti restano in vigore fino all\u2019approvazione da parte del commissario o degli organi del nuovo comune a seguito di elezioni dei corrispondenti atti.<\/span><\/span><\/p>\n<p><b><span style=\"color: #000000; font-family: Calibri;\">\u00a0<\/span><\/b><\/p>\n<p><span style=\"font-family: Calibri;\"><span style=\"color: #000000;\"><b>L\u2019articolo 6 <\/b>stabilisce che gli organi eletti del nuovo comune approvano entro sei mesi dall\u2019elezione lo statuto del comune di San Marcello Piteglio salvo che lo stesso non sia stato gi\u00e0 approvato dai comuni di San Marcello Pistoiese e di\u00a0 Piteglio prima dell\u2019estinzione; negli stessi termini \u00e8 prevista l\u2019approvazione del regolamento di funzionamento del consiglio.<\/span><\/span><\/p>\n<p><b><span style=\"color: #000000; font-family: Calibri;\">\u00a0<\/span><\/b><\/p>\n<p><span style=\"font-family: Calibri;\"><span style=\"color: #000000;\"><b>L\u2019articolo 7 <\/b>prevede la possibilit\u00e0 di istituire municipi in conformit\u00e0 all\u2019articolo 16 del decreto legislativo 18 agosto 2000, n. 267.<\/span><\/span><\/p>\n<p><b><span style=\"color: #000000; font-family: Calibri;\">\u00a0<\/span><\/b><\/p>\n<p><span style=\"font-family: Calibri;\"><span style=\"color: #000000;\"><b>L\u2019articolo 8 <\/b>prevede che al nuovo comune spettino i contributi previsti dalla normativa statale per<\/span><\/span><\/p>\n<p><span style=\"color: #000000; font-family: Calibri;\">le fusioni e un contributo a valere sulle risorse regionali in conformit\u00e0 a quanto gi\u00e0 previsto dall\u2019articolo 64 della l.r. 68\/2011. Detta disposizione non comporta oneri aggiuntivi rispetto a quanto previsto dal citato articolo 64 della l.r. 68\/2011 che trova copertura finanziaria all\u2019articolo<\/span><\/p>\n<p><span style=\"color: #000000; font-family: Calibri;\">106 bis della medesima legge regionale. Al nuovo comune sono, altres\u00ec, attribuiti i contributi per i <\/span><\/p>\n<p><span style=\"color: #000000; font-family: Calibri;\">piccoli comuni in situazione di maggiore disagio di cui all\u2019articolo 82 della legge regionale medesima, in luogo del comune di Piteglio.<\/span><\/p>\n<p><b><span style=\"color: #000000; font-family: Calibri;\">\u00a0<\/span><\/b><\/p>\n<p><span style=\"font-family: Calibri;\"><span style=\"color: #000000;\"><b>L\u2019articolo 9 <\/b>chiarisce che restano inalterati i benefici dei territori montani degli estinti comuni di San Marcello Pistoiese e di\u00a0 Piteglio gi\u00e0 classificati montani dallo Stato.<\/span><\/span><\/p>\n<p><b><span style=\"color: #000000; font-family: Calibri;\">\u00a0<\/span><\/b><\/p>\n<p><span style=\"font-family: Calibri;\"><span style=\"color: #000000;\"><b>L\u2019articolo 10 <\/b>disciplina i rapporti derivanti dall\u2019appartenenza dei comuni estinti all\u2019unione di comuni denominata Unione di Comuni Montani Appennino Pistoiese e sono individuate in via transitoria norme volte a garantire il buon funzionamento degli organi dell\u2019unione di comuni e modalit\u00e0 per l\u2019individuazione delle funzioni che la medesima unione deve esercitare per il comune di San Marcello\u00a0 Piteglio.<\/span><\/span><\/p>\n<p><span style=\"color: #000000; font-family: Calibri;\">\u00a0<\/span><\/p>\n<p><span style=\"font-family: Calibri;\"><span style=\"color: #000000;\"><b>L\u2019articolo 11 <\/b>dispone sull\u2019entrata in vigore della legge.<\/span><\/span><\/p>\n<p><span style=\"color: #000000; font-family: Calibri;\">\u00a0<\/span><\/p>\n<p><span style=\"color: #000000; font-family: Calibri;\">\u00a0<\/span><\/p>\n<p>&nbsp;<\/p>\n","protected":false},"excerpt":{"rendered":"<p>\u00abL\u2019idea che ci ha spinto \u00e8 quella di completare il nuovo assetto istituzionale dei comuni della Montagna Pistoiese. Lo facciamo certamente d\u2019intesa con le amministrazioni comunali interessate, consapevoli che questo \u00e8 un tassello iniziale che vedr\u00e0 le comunit\u00e0 locali e gli stessi amministratori protagonisti del percorso, in una cornice toscana virtuosa, che punta a semplificare [&hellip;]<\/p>\n","protected":false},"author":1,"featured_media":10448,"comment_status":"closed","ping_status":"closed","sticky":false,"template":"","format":"standard","meta":{"_jetpack_memberships_contains_paid_content":false,"footnotes":""},"categories":[30,969,959],"tags":[161],"class_list":{"0":"post-10447","1":"post","2":"type-post","3":"status-publish","4":"format-standard","5":"has-post-thumbnail","7":"category-comunicati-stampa","8":"category-marco-niccolai","9":"category-massimo-baldi","10":"tag-fusione-dei-comuni","11":"czr-hentry"},"jetpack_featured_media_url":"https:\/\/www.gruppopdregionetoscana.it\/web\/wp-content\/uploads\/2015\/09\/baldi-niccolai.jpg","jetpack_sharing_enabled":true,"_links":{"self":[{"href":"https:\/\/www.gruppopdregionetoscana.it\/web\/wp-json\/wp\/v2\/posts\/10447","targetHints":{"allow":["GET"]}}],"collection":[{"href":"https:\/\/www.gruppopdregionetoscana.it\/web\/wp-json\/wp\/v2\/posts"}],"about":[{"href":"https:\/\/www.gruppopdregionetoscana.it\/web\/wp-json\/wp\/v2\/types\/post"}],"author":[{"embeddable":true,"href":"https:\/\/www.gruppopdregionetoscana.it\/web\/wp-json\/wp\/v2\/users\/1"}],"replies":[{"embeddable":true,"href":"https:\/\/www.gruppopdregionetoscana.it\/web\/wp-json\/wp\/v2\/comments?post=10447"}],"version-history":[{"count":0,"href":"https:\/\/www.gruppopdregionetoscana.it\/web\/wp-json\/wp\/v2\/posts\/10447\/revisions"}],"wp:featuredmedia":[{"embeddable":true,"href":"https:\/\/www.gruppopdregionetoscana.it\/web\/wp-json\/wp\/v2\/media\/10448"}],"wp:attachment":[{"href":"https:\/\/www.gruppopdregionetoscana.it\/web\/wp-json\/wp\/v2\/media?parent=10447"}],"wp:term":[{"taxonomy":"category","embeddable":true,"href":"https:\/\/www.gruppopdregionetoscana.it\/web\/wp-json\/wp\/v2\/categories?post=10447"},{"taxonomy":"post_tag","embeddable":true,"href":"https:\/\/www.gruppopdregionetoscana.it\/web\/wp-json\/wp\/v2\/tags?post=10447"}],"curies":[{"name":"wp","href":"https:\/\/api.w.org\/{rel}","templated":true}]}}