{"id":10690,"date":"2015-09-26T12:03:33","date_gmt":"2015-09-26T10:03:33","guid":{"rendered":"http:\/\/www.gruppopdregionetoscana.it\/web\/?p=10690"},"modified":"2015-09-26T12:03:33","modified_gmt":"2015-09-26T10:03:33","slug":"unoccasione","status":"publish","type":"post","link":"https:\/\/www.gruppopdregionetoscana.it\/web\/unoccasione\/","title":{"rendered":"Un\u2019occasione"},"content":{"rendered":"<p><span style=\"font-weight: 400;\"><img loading=\"lazy\" decoding=\"async\" class=\"alignleft  wp-image-10693\" src=\"http:\/\/www.gruppopdregionetoscana.it\/web\/wp-content\/uploads\/2015\/09\/Bugli2-1024x768.jpg\" alt=\"Bugli2\" width=\"367\" height=\"275\" srcset=\"https:\/\/www.gruppopdregionetoscana.it\/web\/wp-content\/uploads\/2015\/09\/Bugli2-1024x768.jpg 1024w, https:\/\/www.gruppopdregionetoscana.it\/web\/wp-content\/uploads\/2015\/09\/Bugli2-300x225.jpg 300w, https:\/\/www.gruppopdregionetoscana.it\/web\/wp-content\/uploads\/2015\/09\/Bugli2.jpg 1330w\" sizes=\"auto, (max-width: 367px) 100vw, 367px\" \/>Scandicci, \u00a011,57 &#8211; Dramane viene dal Mali,\u00a0un paese dove infuria una guerra dimenticata, un conflitto che terrorizza intere popolazioni e che ha trasformato il Sahel in <strong>uno dei campi di battaglia pi\u00f9 estesi del jihadismo internazionale<\/strong>.<\/span><span style=\"font-weight: 400;\"><br \/>\n<\/span><span style=\"font-weight: 400;\">Dramane \u00e8 scappato due anni fa dal suo Paese, non ha pi\u00f9 nessuno li, e non pensa di tornarci. Mai pi\u00f9.\u00a0 Troppa violenza, troppo dolore.\u00a0<\/span><\/p>\n<p>&nbsp;<\/p>\n<p><span style=\"font-weight: 400;\"><strong>Per arrivare in Libia ha attraversato il Niger<\/strong>, una volta l\u00e0 \u00e8 stato imprigionato otto mesi, subendo maltrattamenti di ogni tipo. Poi un giorno, insieme ad altri disperati come lui, viene spinto dentro un barcone, saranno stati in trecento. Tre giorni asfissianti, pigiati l&#8217;uno contro l&#8217;altro, senza bere, senza mangiare. <strong>Poi finalmente lo sbarco in Calabria.<\/strong> Dramane non ha avuto tempo di gioire, \u00e8 stato portato in\u00a0 ospedale. Era disidratato, hanno dovuto alimentarlo con le flebo per giorni prima che ricominciasse a stare bene.<\/span><\/p>\n<p>&nbsp;<\/p>\n<p><span style=\"font-weight: 400;\"><strong>Da alcuni mesi Dramane vive a Scandicci<\/strong> insieme ad altri suoi connazionali.\u00a0Abitano in un appartamento gestito dalla cooperativa Il cenacolo messo a disposizione dalla societ\u00e0 privata Bed&amp;Car, che nella sua politica aziendale concede un terzo delle strutture a fini sociali.<\/span><\/p>\n<p><span style=\"font-weight: 400;\">Si sono conosciuti qui, anche se sono tutti maliani, \u00a0adesso cercano insieme una nuova vita. Hanno tutti in comune storie tragicamente simili e la voglia di vivere una vita, quella che nel loro Paese gli \u00e8 stata negata.\u00a0<\/span><\/p>\n<p><span style=\"font-weight: 400;\">Sono giovani e forti, hanno negli occhi un velo di tristezza, quando chiedi loro cosa si aspettano dall&#8217;Italia e da questa nuova vita tutti rispondono decisi: \u201cUn&#8217;occasione.\u201d.<br \/>\n<\/span><\/p>\n<p><span style=\"font-weight: 400;\"><br \/>\n<\/span><span style=\"font-weight: 400;\"><img loading=\"lazy\" decoding=\"async\" class=\"wp-image-10692 alignright\" src=\"http:\/\/www.gruppopdregionetoscana.it\/web\/wp-content\/uploads\/2015\/09\/Bugli1-300x225.jpg\" alt=\"Bugli1\" width=\"384\" height=\"288\" srcset=\"https:\/\/www.gruppopdregionetoscana.it\/web\/wp-content\/uploads\/2015\/09\/Bugli1-300x225.jpg 300w, https:\/\/www.gruppopdregionetoscana.it\/web\/wp-content\/uploads\/2015\/09\/Bugli1-1024x768.jpg 1024w, https:\/\/www.gruppopdregionetoscana.it\/web\/wp-content\/uploads\/2015\/09\/Bugli1.jpg 1340w\" sizes=\"auto, (max-width: 384px) 100vw, 384px\" \/>Adesso stanno frequentando i corsi di italiano e aiutano a tenere in ordine il parco di piazza Paisello a Scandicci, si sono divisi \u00a0in turni e la mattina e la sera provvedono ad andare a aprire e a chiudere. Seguono anche un corso di primo soccorso alla Croce Rossa e giocano a calcio in un campetto della parrocchia di San Martino a Lastra a Signa. Di solito giocano insieme ad altri ospiti delle strutture l\u00ec vicine, <strong>ma qualche volta ci scappa una partita Italia-Mali.<\/strong> \u00a0Qualcuno va anche in palestra. A <strong>Fousseyni<\/strong>, che \u00e8 vestito come un simpatico dandy,\u00a0 chiedo se ha trovato una fidanzata, lui sorride e si schermisce, poi timido risponde: &#8220;Per ora no&#8221;.\u00a0<\/span><\/p>\n<p>&nbsp;<\/p>\n<p><span style=\"font-weight: 400;\">Vittorio Bugli <\/span><\/p>\n","protected":false},"excerpt":{"rendered":"<p>Scandicci, \u00a011,57 &#8211; Dramane viene dal Mali,\u00a0un paese dove infuria una guerra dimenticata, un conflitto che terrorizza intere popolazioni e che ha trasformato il Sahel in uno dei campi di battaglia pi\u00f9 estesi del jihadismo internazionale. Dramane \u00e8 scappato due anni fa dal suo Paese, non ha pi\u00f9 nessuno li, e non pensa di tornarci. [&hellip;]<\/p>\n","protected":false},"author":1,"featured_media":10693,"comment_status":"closed","ping_status":"closed","sticky":false,"template":"","format":"standard","meta":{"_jetpack_memberships_contains_paid_content":false,"footnotes":""},"categories":[1052],"tags":[1092,229,1081,536],"class_list":{"0":"post-10690","1":"post","2":"type-post","3":"status-publish","4":"format-standard","5":"has-post-thumbnail","7":"category-lacosagiusta","8":"tag-accoglienzadiffusa","9":"tag-bugli","10":"tag-lacosagiusta","11":"tag-scandicci","12":"czr-hentry"},"jetpack_featured_media_url":"https:\/\/www.gruppopdregionetoscana.it\/web\/wp-content\/uploads\/2015\/09\/Bugli2.jpg","jetpack_sharing_enabled":true,"_links":{"self":[{"href":"https:\/\/www.gruppopdregionetoscana.it\/web\/wp-json\/wp\/v2\/posts\/10690","targetHints":{"allow":["GET"]}}],"collection":[{"href":"https:\/\/www.gruppopdregionetoscana.it\/web\/wp-json\/wp\/v2\/posts"}],"about":[{"href":"https:\/\/www.gruppopdregionetoscana.it\/web\/wp-json\/wp\/v2\/types\/post"}],"author":[{"embeddable":true,"href":"https:\/\/www.gruppopdregionetoscana.it\/web\/wp-json\/wp\/v2\/users\/1"}],"replies":[{"embeddable":true,"href":"https:\/\/www.gruppopdregionetoscana.it\/web\/wp-json\/wp\/v2\/comments?post=10690"}],"version-history":[{"count":0,"href":"https:\/\/www.gruppopdregionetoscana.it\/web\/wp-json\/wp\/v2\/posts\/10690\/revisions"}],"wp:featuredmedia":[{"embeddable":true,"href":"https:\/\/www.gruppopdregionetoscana.it\/web\/wp-json\/wp\/v2\/media\/10693"}],"wp:attachment":[{"href":"https:\/\/www.gruppopdregionetoscana.it\/web\/wp-json\/wp\/v2\/media?parent=10690"}],"wp:term":[{"taxonomy":"category","embeddable":true,"href":"https:\/\/www.gruppopdregionetoscana.it\/web\/wp-json\/wp\/v2\/categories?post=10690"},{"taxonomy":"post_tag","embeddable":true,"href":"https:\/\/www.gruppopdregionetoscana.it\/web\/wp-json\/wp\/v2\/tags?post=10690"}],"curies":[{"name":"wp","href":"https:\/\/api.w.org\/{rel}","templated":true}]}}