{"id":10716,"date":"2015-09-26T12:35:19","date_gmt":"2015-09-26T10:35:19","guid":{"rendered":"http:\/\/www.gruppopdregionetoscana.it\/web\/?p=10716"},"modified":"2015-09-26T12:35:19","modified_gmt":"2015-09-26T10:35:19","slug":"una-rete-a-maglie-strette-per-scacciare-la-diffidenza","status":"publish","type":"post","link":"https:\/\/www.gruppopdregionetoscana.it\/web\/una-rete-a-maglie-strette-per-scacciare-la-diffidenza\/","title":{"rendered":"Una rete a maglie strette per scacciare la diffidenza"},"content":{"rendered":"<p><b><img loading=\"lazy\" decoding=\"async\" class=\"alignleft  wp-image-10719\" src=\"http:\/\/www.gruppopdregionetoscana.it\/web\/wp-content\/uploads\/2015\/09\/Sostegni-1024x765.jpg\" alt=\"Sostegni\" width=\"384\" height=\"287\" srcset=\"https:\/\/www.gruppopdregionetoscana.it\/web\/wp-content\/uploads\/2015\/09\/Sostegni-1024x765.jpg 1024w, https:\/\/www.gruppopdregionetoscana.it\/web\/wp-content\/uploads\/2015\/09\/Sostegni-300x224.jpg 300w\" sizes=\"auto, (max-width: 384px) 100vw, 384px\" \/>Lucignano (Montespertoli)<\/b>\u00a0&#8211; 12,25\u00a0A Lucignano, piccola frazione del comune di Montespertoli, accoglienza inizia ad essere una parola piena di significato. Qualcosa di concreto che si percepisce visitando i locali della ex scuola che oggi ospita venticinque ragazzi tra i venti e i ventisei anni, gran parte dei quali arrivati nel luglio scorso. Undici sono bengalesi, altrettanti vengono dalla Nigeria, due sono del Ghana e uno, Diall\u00e0, viene dal Mali.<\/p>\n<p>\u00c8 proprio la sua storia ad avermi colpito. Ha ventun\u2019anni, nel 2013, \u00e8 scappato dalla capitale Bamako e dalla guerra civile. Minacciato e perseguitato dalla sua stessa comunit\u00e0, compreso suo padre, per avere abbracciato la religione cristiana (il Mali \u00e8 a maggioranza musulmana), ai cui precetti si \u00e8 avvicinato frequentando la scuola. Dopo la fuga Diall\u00e0 ha trascorso quasi due anni tra Algeria e Libia, infine \u00e8 arrivato a Lucignano, dove pian piano sta ritrovando un po&#8217; di serenit\u00e0.<\/p>\n<p>Merito di un modello di accoglienza che qui funziona. Non era scontato all&#8217;inizio, con venticinque migranti piombati assieme ad un grosso carico di pregiudizi in una frazione di 150 abitanti. Il sindaco e la giunta hanno puntato sulla partecipazione, promuovendo incontri per spiegare e coinvolgere i cittadini. Il resto lo ha fatto la qualit\u00e0 di questo progetto di accoglienza, che vede Asev (l\u2019agenzia per lo sviluppo dell\u2019Empolese Valdelsa) come capofila, assieme ad altri quattro soggetti &#8211; oltre naturalmente al Comune, la Croce d&#8217;oro di Montespertoli, Casa di riposo Rsa, e Publicasa &#8211; con i quali a breve i giovani profughi inizieranno a svolgere attivit\u00e0 formative, ricreative e di volontariato. Dalla diffidenza iniziale, in alcuni casi un vero e proprio rigetto, si \u00e8 passati adesso a una piena empatia tra la comunit\u00e0 e questi ragazzi.<\/p>\n<p><b>Enrico Sostegni<\/b><\/p>\n","protected":false},"excerpt":{"rendered":"<p>Lucignano (Montespertoli)\u00a0&#8211; 12,25\u00a0A Lucignano, piccola frazione del comune di Montespertoli, accoglienza inizia ad essere una parola piena di significato. Qualcosa di concreto che si percepisce visitando i locali della ex scuola che oggi ospita venticinque ragazzi tra i venti e i ventisei anni, gran parte dei quali arrivati nel luglio scorso. Undici sono bengalesi, altrettanti [&hellip;]<\/p>\n","protected":false},"author":1,"featured_media":10719,"comment_status":"closed","ping_status":"closed","sticky":false,"template":"","format":"standard","meta":{"_jetpack_memberships_contains_paid_content":false,"footnotes":""},"categories":[1052,972],"tags":[],"class_list":{"0":"post-10716","1":"post","2":"type-post","3":"status-publish","4":"format-standard","5":"has-post-thumbnail","7":"category-lacosagiusta","8":"category-enrico-sostegni","9":"czr-hentry"},"jetpack_featured_media_url":"https:\/\/www.gruppopdregionetoscana.it\/web\/wp-content\/uploads\/2015\/09\/Sostegni.jpg","jetpack_sharing_enabled":true,"_links":{"self":[{"href":"https:\/\/www.gruppopdregionetoscana.it\/web\/wp-json\/wp\/v2\/posts\/10716","targetHints":{"allow":["GET"]}}],"collection":[{"href":"https:\/\/www.gruppopdregionetoscana.it\/web\/wp-json\/wp\/v2\/posts"}],"about":[{"href":"https:\/\/www.gruppopdregionetoscana.it\/web\/wp-json\/wp\/v2\/types\/post"}],"author":[{"embeddable":true,"href":"https:\/\/www.gruppopdregionetoscana.it\/web\/wp-json\/wp\/v2\/users\/1"}],"replies":[{"embeddable":true,"href":"https:\/\/www.gruppopdregionetoscana.it\/web\/wp-json\/wp\/v2\/comments?post=10716"}],"version-history":[{"count":0,"href":"https:\/\/www.gruppopdregionetoscana.it\/web\/wp-json\/wp\/v2\/posts\/10716\/revisions"}],"wp:featuredmedia":[{"embeddable":true,"href":"https:\/\/www.gruppopdregionetoscana.it\/web\/wp-json\/wp\/v2\/media\/10719"}],"wp:attachment":[{"href":"https:\/\/www.gruppopdregionetoscana.it\/web\/wp-json\/wp\/v2\/media?parent=10716"}],"wp:term":[{"taxonomy":"category","embeddable":true,"href":"https:\/\/www.gruppopdregionetoscana.it\/web\/wp-json\/wp\/v2\/categories?post=10716"},{"taxonomy":"post_tag","embeddable":true,"href":"https:\/\/www.gruppopdregionetoscana.it\/web\/wp-json\/wp\/v2\/tags?post=10716"}],"curies":[{"name":"wp","href":"https:\/\/api.w.org\/{rel}","templated":true}]}}