{"id":10738,"date":"2015-09-26T13:05:58","date_gmt":"2015-09-26T11:05:58","guid":{"rendered":"http:\/\/www.gruppopdregionetoscana.it\/web\/?p=10738"},"modified":"2015-09-26T13:05:58","modified_gmt":"2015-09-26T11:05:58","slug":"quando-un-grazie-diventa-impegno","status":"publish","type":"post","link":"https:\/\/www.gruppopdregionetoscana.it\/web\/quando-un-grazie-diventa-impegno\/","title":{"rendered":"Quando un grazie diventa impegno"},"content":{"rendered":"<p style=\"text-align: justify;\"><b><img loading=\"lazy\" decoding=\"async\" class=\"size-medium wp-image-10740 alignleft\" src=\"http:\/\/www.gruppopdregionetoscana.it\/web\/wp-content\/uploads\/2015\/09\/IMG-20150926-WA0001-300x207.jpg\" alt=\"IMG-20150926-WA0001\" width=\"300\" height=\"207\" srcset=\"https:\/\/www.gruppopdregionetoscana.it\/web\/wp-content\/uploads\/2015\/09\/IMG-20150926-WA0001-300x207.jpg 300w, https:\/\/www.gruppopdregionetoscana.it\/web\/wp-content\/uploads\/2015\/09\/IMG-20150926-WA0001.jpg 960w\" sizes=\"auto, (max-width: 300px) 100vw, 300px\" \/>Capannori 13.00\u00a0<\/b><span style=\"font-weight: 400;\">&#8211; Aziz \u00e8 un ragazzo afgano di 22 anni ed \u00e8 arrivato in Italia lo scorso giugno. Oggi \u00e8 ospitato insieme ad altri 6 suoi connazionali in una canonica della campagna capannorese. E\u2019 stato costretto a lasciare il suo paese perch\u00e9 aveva problemi con i talebani.<\/span><\/p>\n<p style=\"text-align: justify;\"><span style=\"font-weight: 400;\">Suo padre \u00e8 un cuoco e lavora per il governo, suo fratello fa il dottore in un ospedale, un altro fratello invece \u00e8 un importante ingegnere, e tutti sono nel mirino dei talebani e rischiano la vita. Anche lui lavorava per il governo, era nella polizia e si occupava della sicurezza degli ospedali. Era bella la sua vita in Afghanistan: aveva una bella casa, stava bene, ma i talebani lo hanno preso di mira e hanno iniziato a minacciarlo di morte, fino a che non gli hanno dato un ultimo chiaro avvertimento. <\/span><\/p>\n<p style=\"text-align: justify;\"><span style=\"font-weight: 400;\">Cos\u00ec con la sua famiglia ha deciso di lasciare il paese. Suo fratello ha pagato per lui alcune persone affinch\u00e9 gli organizzassero il viaggio. E\u2019 partito di notte sopra un\u2019auto affollata, e il viaggio \u00e8 durato un mese. E\u2019 stato durissimo, non hanno mai visto persone, solo montagne, avevano pochissimo cibo e pochissima acqua. Dall\u2019Afghanistan all\u2019Iran, dall\u2019Iran in Turchia e ancora dalla Turchia alla Bulgaria. Qui la polizia li ha fermati e solo dopo averli picchiati e derubati li ha lasciati di nuovo andare. Sono arrivati in Serbia, ma fortunatamente qui la polizia li ha trattati bene. Poi li hanno fatti ripartire e sono arrivati in Ungheria, e infine in Italia, con un grande camion ancora una volta sovraffollato.<\/span><\/p>\n<p style=\"text-align: justify;\"><span style=\"font-weight: 400;\">Oggi \u00e8 felice di poter essere in Italia dove le persone che lo hanno accolto gli hanno dato una casa, e la possibilit\u00e0 di imparare italiano. Non smette mai di ringraziare per questa seconda opportunit\u00e0 di vita e ringrazia gli italiani per l\u2019affetto che gli hanno dimostrato. Per questo assieme ai connazionali che vivono con lui si impegna seriamente nella realizzazione delle attivit\u00e0 di volontariato che gli vengono proposte dalla cooperativa in collaborazione col Comune. Al momento \u00e8 l\u2019unico modo che ha per poter ricambiare di tutto l\u2019aiuto che sta ricevendo.<\/span><\/p>\n<p style=\"text-align: justify;\"><span style=\"font-weight: 400;\">Spesso dice che lui non \u00e8 altro che un ragazzo come tutti noi, che viene solo da un paese diverso. Non vuole che le persone abbiano paura di lui, non \u00e8 venuto qua per creare problemi. Se avesse potuto scegliere, non avrebbe mai lasciato il suo lavoro, la casa, e soprattutto la sua famiglia. Non sa cosa ne sar\u00e0 del suo futuro, probabilmente un giorno lascer\u00e0 l\u2019Italia, ma sar\u00e0 sempre grato a questo Paese per quello che ha fatto per lui e dove ha trovato i suoi nuovi amici.<\/span><\/p>\n<p style=\"text-align: justify;\"><span style=\"font-weight: 400;\">Ilaria Giovannetti<\/span><\/p>\n","protected":false},"excerpt":{"rendered":"<p>Capannori 13.00\u00a0&#8211; Aziz \u00e8 un ragazzo afgano di 22 anni ed \u00e8 arrivato in Italia lo scorso giugno. Oggi \u00e8 ospitato insieme ad altri 6 suoi connazionali in una canonica della campagna capannorese. E\u2019 stato costretto a lasciare il suo paese perch\u00e9 aveva problemi con i talebani. Suo padre \u00e8 un cuoco e lavora per [&hellip;]<\/p>\n","protected":false},"author":1,"featured_media":10741,"comment_status":"closed","ping_status":"closed","sticky":false,"template":"","format":"standard","meta":{"_jetpack_memberships_contains_paid_content":false,"footnotes":""},"categories":[1101,965],"tags":[],"class_list":{"0":"post-10738","1":"post","2":"type-post","3":"status-publish","4":"format-standard","5":"has-post-thumbnail","7":"category-accoglienzadiffusa","8":"category-ilaria-giovannetti","9":"czr-hentry"},"jetpack_featured_media_url":"https:\/\/www.gruppopdregionetoscana.it\/web\/wp-content\/uploads\/2015\/09\/giovannetti.jpg","jetpack_sharing_enabled":true,"_links":{"self":[{"href":"https:\/\/www.gruppopdregionetoscana.it\/web\/wp-json\/wp\/v2\/posts\/10738","targetHints":{"allow":["GET"]}}],"collection":[{"href":"https:\/\/www.gruppopdregionetoscana.it\/web\/wp-json\/wp\/v2\/posts"}],"about":[{"href":"https:\/\/www.gruppopdregionetoscana.it\/web\/wp-json\/wp\/v2\/types\/post"}],"author":[{"embeddable":true,"href":"https:\/\/www.gruppopdregionetoscana.it\/web\/wp-json\/wp\/v2\/users\/1"}],"replies":[{"embeddable":true,"href":"https:\/\/www.gruppopdregionetoscana.it\/web\/wp-json\/wp\/v2\/comments?post=10738"}],"version-history":[{"count":0,"href":"https:\/\/www.gruppopdregionetoscana.it\/web\/wp-json\/wp\/v2\/posts\/10738\/revisions"}],"wp:featuredmedia":[{"embeddable":true,"href":"https:\/\/www.gruppopdregionetoscana.it\/web\/wp-json\/wp\/v2\/media\/10741"}],"wp:attachment":[{"href":"https:\/\/www.gruppopdregionetoscana.it\/web\/wp-json\/wp\/v2\/media?parent=10738"}],"wp:term":[{"taxonomy":"category","embeddable":true,"href":"https:\/\/www.gruppopdregionetoscana.it\/web\/wp-json\/wp\/v2\/categories?post=10738"},{"taxonomy":"post_tag","embeddable":true,"href":"https:\/\/www.gruppopdregionetoscana.it\/web\/wp-json\/wp\/v2\/tags?post=10738"}],"curies":[{"name":"wp","href":"https:\/\/api.w.org\/{rel}","templated":true}]}}