{"id":10749,"date":"2015-09-26T13:19:25","date_gmt":"2015-09-26T11:19:25","guid":{"rendered":"http:\/\/www.gruppopdregionetoscana.it\/web\/?p=10749"},"modified":"2015-09-26T13:19:25","modified_gmt":"2015-09-26T11:19:25","slug":"la-bugia-di-ibrahim","status":"publish","type":"post","link":"https:\/\/www.gruppopdregionetoscana.it\/web\/la-bugia-di-ibrahim\/","title":{"rendered":"La \u201cbugia\u201d di Ibrahim"},"content":{"rendered":"<p><b><img loading=\"lazy\" decoding=\"async\" class=\" wp-image-10750 alignleft\" src=\"http:\/\/www.gruppopdregionetoscana.it\/web\/wp-content\/uploads\/2015\/09\/Baldi2-300x224.jpg\" alt=\"Baldi2\" width=\"252\" height=\"188\" srcset=\"https:\/\/www.gruppopdregionetoscana.it\/web\/wp-content\/uploads\/2015\/09\/Baldi2-300x224.jpg 300w, https:\/\/www.gruppopdregionetoscana.it\/web\/wp-content\/uploads\/2015\/09\/Baldi2-1024x765.jpg 1024w\" sizes=\"auto, (max-width: 252px) 100vw, 252px\" \/>Pistoia 13:19\u00a0<\/b>&#8211; Ibrahim \u00e8 un ragazzo ivoriano di 20 anni, ha perso quasi tutta la sua famiglia a seguito della guerra civile del 2010, e precisamente, a causa dell\u2019attivismo politico del fratello. A portarlo via dall\u2019inferno sono state tre cose: il coraggio, la solidariet\u00e0 di un amico ma anche di tanti generosi sconosciuti, e la passione per il calcio.<\/p>\n<p>\u00c8 un giocatore di tutto rispetto, Ibrahim, un giovane talentuoso e forte, tanto da sopravvivere a quattro giorni di digiuno su un pick-up nel viaggio tra la Guinea, il Mali, il Burchina, il Niger e la Libia; da camminare per un\u2019intera notte a piedi nudi in fuga da un carcere in cui era stato ingiustamente recluso e disumanamente trattato; da crearsi un presente, da credere nel futuro pur recando in s\u00e9 una ferita inguaribile che proviene dal passato.<\/p>\n<p>\u00c8 forse proprio questo terribile nodo al fazzoletto, questa impossibilit\u00e0 di dimenticare, che gli d\u00e0 questa forza.<\/p>\n<p>Il 22 Ottobre 2014 Ibrahim \u00e8 stato accolto nella struttura de Le Piastre, \u00e8 stato tra i pi\u00f9 attivi, tra i pi\u00f9 disponibili, tra i pi\u00f9 entusiasti nel mobilitarsi attivamente per stabilire un contatto, un rapporto di solidariet\u00e0 reciproca, e non solo passiva, con la comunit\u00e0 che lo ospita. Non parliamo solo di attivit\u00e0 organizzate, ma anche della sua immediata, umana, creaturale disponibilit\u00e0 ad aiutare il vicinato e a stabilire con esso quotidiani rapporti di convivialit\u00e0.<\/p>\n<p>A Ibrahim, per\u00f2, come a tutte le persone serie, piace soprattutto divertirsi. E il meglio di s\u00e9 l\u2019ha dato al Campionato Italiano della bugia che si svolge ogni anno alle Piastre. Nella competizione del 2015 un numero consistente di rifugiati ha contribuito all\u2019organizzazione, facendo servizio d\u2019ordine, occupandosi della pulizia delle strade, rimboccandosi le maniche. Ibrahim ha contribuito con una \u201cbugia\u201d (che nel vernacolo non significa menzogna ma affabulazione, racconto inventato).<\/p>\n<p>Ibrahim \u00e8 arrivato terzo con una \u201cbugia\u201d a dir poco geniale: \u201cIn accordo con la Pro-loco stiamo organizzando una raccolta fondi per costruire una grande moschea al centro del paese. Abbiamo infatti scoperto che gli Italiani si integrano molto bene con lo stile di vita dei profughi. Ringraziamo infine gli esercenti del paese che ci hanno offerto un lavoro. Lo accetteremo volentieri quando rientreremo dalle vacanze a Formentera. Firmato Ibrahim Salvini\u201d.<\/p>\n<p>L\u2019ironia e la generosit\u00e0, come sappiamo, nascono spesso dal dolore. E, paradossalmente, proprio per questo, possono aprire le porte della felicit\u00e0.<\/p>\n<p><strong>Massimo Baldi <\/strong><\/p>\n","protected":false},"excerpt":{"rendered":"<p>Pistoia 13:19\u00a0&#8211; Ibrahim \u00e8 un ragazzo ivoriano di 20 anni, ha perso quasi tutta la sua famiglia a seguito della guerra civile del 2010, e precisamente, a causa dell\u2019attivismo politico del fratello. A portarlo via dall\u2019inferno sono state tre cose: il coraggio, la solidariet\u00e0 di un amico ma anche di tanti generosi sconosciuti, e la [&hellip;]<\/p>\n","protected":false},"author":1,"featured_media":10753,"comment_status":"closed","ping_status":"closed","sticky":false,"template":"","format":"standard","meta":{"_jetpack_memberships_contains_paid_content":false,"footnotes":""},"categories":[1101,1052,959],"tags":[1094,1081,1093,45],"class_list":{"0":"post-10749","1":"post","2":"type-post","3":"status-publish","4":"format-standard","5":"has-post-thumbnail","7":"category-accoglienzadiffusa","8":"category-lacosagiusta","9":"category-massimo-baldi","10":"tag-accoglienza-diffusa","11":"tag-lacosagiusta","12":"tag-modello-toscano","13":"tag-pistoia","14":"czr-hentry"},"jetpack_featured_media_url":"https:\/\/www.gruppopdregionetoscana.it\/web\/wp-content\/uploads\/2015\/09\/Bald1.jpg","jetpack_sharing_enabled":true,"_links":{"self":[{"href":"https:\/\/www.gruppopdregionetoscana.it\/web\/wp-json\/wp\/v2\/posts\/10749","targetHints":{"allow":["GET"]}}],"collection":[{"href":"https:\/\/www.gruppopdregionetoscana.it\/web\/wp-json\/wp\/v2\/posts"}],"about":[{"href":"https:\/\/www.gruppopdregionetoscana.it\/web\/wp-json\/wp\/v2\/types\/post"}],"author":[{"embeddable":true,"href":"https:\/\/www.gruppopdregionetoscana.it\/web\/wp-json\/wp\/v2\/users\/1"}],"replies":[{"embeddable":true,"href":"https:\/\/www.gruppopdregionetoscana.it\/web\/wp-json\/wp\/v2\/comments?post=10749"}],"version-history":[{"count":0,"href":"https:\/\/www.gruppopdregionetoscana.it\/web\/wp-json\/wp\/v2\/posts\/10749\/revisions"}],"wp:featuredmedia":[{"embeddable":true,"href":"https:\/\/www.gruppopdregionetoscana.it\/web\/wp-json\/wp\/v2\/media\/10753"}],"wp:attachment":[{"href":"https:\/\/www.gruppopdregionetoscana.it\/web\/wp-json\/wp\/v2\/media?parent=10749"}],"wp:term":[{"taxonomy":"category","embeddable":true,"href":"https:\/\/www.gruppopdregionetoscana.it\/web\/wp-json\/wp\/v2\/categories?post=10749"},{"taxonomy":"post_tag","embeddable":true,"href":"https:\/\/www.gruppopdregionetoscana.it\/web\/wp-json\/wp\/v2\/tags?post=10749"}],"curies":[{"name":"wp","href":"https:\/\/api.w.org\/{rel}","templated":true}]}}