{"id":10769,"date":"2015-09-26T13:57:40","date_gmt":"2015-09-26T11:57:40","guid":{"rendered":"http:\/\/www.gruppopdregionetoscana.it\/web\/?p=10769"},"modified":"2015-10-16T11:30:40","modified_gmt":"2015-10-16T09:30:40","slug":"1000-chilometri-di-deserto","status":"publish","type":"post","link":"https:\/\/www.gruppopdregionetoscana.it\/web\/1000-chilometri-di-deserto\/","title":{"rendered":"Un parco per ricominciare"},"content":{"rendered":"<p style=\"text-align: justify;\"><b><img loading=\"lazy\" decoding=\"async\" class=\"size-medium wp-image-10775 alignleft\" src=\"http:\/\/www.gruppopdregionetoscana.it\/web\/wp-content\/uploads\/2015\/09\/Niccolai2-300x169.jpg\" alt=\"Niccolai2\" width=\"300\" height=\"169\" srcset=\"https:\/\/www.gruppopdregionetoscana.it\/web\/wp-content\/uploads\/2015\/09\/Niccolai2-300x169.jpg 300w, https:\/\/www.gruppopdregionetoscana.it\/web\/wp-content\/uploads\/2015\/09\/Niccolai2-1024x576.jpg 1024w, https:\/\/www.gruppopdregionetoscana.it\/web\/wp-content\/uploads\/2015\/09\/Niccolai2.jpg 1300w\" sizes=\"auto, (max-width: 300px) 100vw, 300px\" \/><\/b><\/p>\n<p><b>Vellano (Pescia)<\/b>, <b>14:00<\/b>. Durante la nostra visita abbiamo incontrato molti ospiti di varie et\u00e0. Attualmente la struttura ne ospita 24, molti dei quali provenienti dal Mali e dalla Nuova Guinea. \u00a0Sono ragazzi gentili, disponibili, pronti ad ascoltare.<\/p>\n<p>Ci hanno accolto con simpatia e abbiamo subito tentato di capire meglio, insieme a chi gestisce il progetto, quelle che sono le aspettative, le problematiche principali, le situazioni.<\/p>\n<p>Si percepisce l\u2019attesa, la necessit\u00e0 di dare un senso al proprio lungo viaggio. Alcuni dei ragazzi se la cavano gi\u00e0 con l\u2019italiano, negli altri casi si aiutano l\u2019un l\u2019altro con la traduzione. \u00a0Le difficolt\u00e0 con gli iter burocratici \u00a0e la necessit\u00e0 di avere un lavoro sono le sensazioni \u00a0e i bisogni che ci arrivo di pi\u00f9 ascoltando questi ragazzi. Poi c\u2019\u00e8 da fare i conti con la mancanza dei propri cari \u00a0e con \u00a0la necessit\u00e0 di sentirli pi\u00f9 spesso. Ma questo pu\u00f2 avvenire grazie agli smartphone, che spesso sono l\u2019unico strumento di contatto possibile.<\/p>\n<p>Ci spiegano che la situazione \u00e8 instabile, fatta di scoramenti alternati alla voglia di essere utili e alla fiducia nell\u2019arrivo dei documenti che stanno aspettando.<\/p>\n<p>Nonostante alcune difficolt\u00e0 con i trasporti, sulle quali ci impegneremo a muoverci, ci viene raccontata un\u2019accoglienza globalmente buona, un rapporto con i cittadini di Vellano che va migliorando anche grazie alle molte attivit\u00e0 socialmente utili nelle quali i migranti si impegnano quasi ogni giorno. Non ultima, la messa in sicurezza e la sistemazione completa di un piccolo parco nel centro del paese, un parco che tra poche settimane verr\u00e0 inaugurato.<\/p>\n<p style=\"text-align: justify;\"><b>\u00a0<\/b><\/p>\n<p><b>Marco Niccolai<\/b><\/p>\n","protected":false},"excerpt":{"rendered":"<p>Vellano (Pescia), 14:00. Durante la nostra visita abbiamo incontrato molti ospiti di varie et\u00e0. Attualmente la struttura ne ospita 24, molti dei quali provenienti dal Mali e dalla Nuova Guinea. \u00a0Sono ragazzi gentili, disponibili, pronti ad ascoltare. Ci hanno accolto con simpatia e abbiamo subito tentato di capire meglio, insieme a chi gestisce il progetto, [&hellip;]<\/p>\n","protected":false},"author":1,"featured_media":10773,"comment_status":"closed","ping_status":"closed","sticky":false,"template":"","format":"standard","meta":{"_jetpack_memberships_contains_paid_content":false,"footnotes":""},"categories":[1101,969],"tags":[1081,1107,1106,45],"class_list":{"0":"post-10769","1":"post","2":"type-post","3":"status-publish","4":"format-standard","5":"has-post-thumbnail","7":"category-accoglienzadiffusa","8":"category-marco-niccolai","9":"tag-lacosagiusta","10":"tag-marco-niccolai","11":"tag-pescia","12":"tag-pistoia","13":"czr-hentry"},"jetpack_featured_media_url":"https:\/\/www.gruppopdregionetoscana.it\/web\/wp-content\/uploads\/2015\/09\/Niccolai1.jpg","jetpack_sharing_enabled":true,"_links":{"self":[{"href":"https:\/\/www.gruppopdregionetoscana.it\/web\/wp-json\/wp\/v2\/posts\/10769","targetHints":{"allow":["GET"]}}],"collection":[{"href":"https:\/\/www.gruppopdregionetoscana.it\/web\/wp-json\/wp\/v2\/posts"}],"about":[{"href":"https:\/\/www.gruppopdregionetoscana.it\/web\/wp-json\/wp\/v2\/types\/post"}],"author":[{"embeddable":true,"href":"https:\/\/www.gruppopdregionetoscana.it\/web\/wp-json\/wp\/v2\/users\/1"}],"replies":[{"embeddable":true,"href":"https:\/\/www.gruppopdregionetoscana.it\/web\/wp-json\/wp\/v2\/comments?post=10769"}],"version-history":[{"count":0,"href":"https:\/\/www.gruppopdregionetoscana.it\/web\/wp-json\/wp\/v2\/posts\/10769\/revisions"}],"wp:featuredmedia":[{"embeddable":true,"href":"https:\/\/www.gruppopdregionetoscana.it\/web\/wp-json\/wp\/v2\/media\/10773"}],"wp:attachment":[{"href":"https:\/\/www.gruppopdregionetoscana.it\/web\/wp-json\/wp\/v2\/media?parent=10769"}],"wp:term":[{"taxonomy":"category","embeddable":true,"href":"https:\/\/www.gruppopdregionetoscana.it\/web\/wp-json\/wp\/v2\/categories?post=10769"},{"taxonomy":"post_tag","embeddable":true,"href":"https:\/\/www.gruppopdregionetoscana.it\/web\/wp-json\/wp\/v2\/tags?post=10769"}],"curies":[{"name":"wp","href":"https:\/\/api.w.org\/{rel}","templated":true}]}}