{"id":10876,"date":"2015-10-06T19:43:33","date_gmt":"2015-10-06T17:43:33","guid":{"rendered":"http:\/\/www.gruppopdregionetoscana.it\/web\/?p=10876"},"modified":"2015-10-10T09:55:16","modified_gmt":"2015-10-10T07:55:16","slug":"defibrillatori-obbligatori-negli-impianti-sportivi-da-luglio-2016-approvata-la-nuova-legge-regionale-per-uno-sport-piu-sicuro-scaramelli-e-sostegni-pd-passo-importante-per-una-cultura-dell","status":"publish","type":"post","link":"https:\/\/www.gruppopdregionetoscana.it\/web\/defibrillatori-obbligatori-negli-impianti-sportivi-da-luglio-2016-approvata-la-nuova-legge-regionale-per-uno-sport-piu-sicuro-scaramelli-e-sostegni-pd-passo-importante-per-una-cultura-dell\/","title":{"rendered":"Defibrillatori obbligatori negli impianti sportivi da luglio 2016. Approvata la nuova legge regionale per uno sport pi\u00f9 sicuro.\u00a0Scaramelli e Sostegni (Pd): &#8220;Passo importante per una cultura della sicurezza&#8221;. \u00a0"},"content":{"rendered":"<p><img loading=\"lazy\" decoding=\"async\" class=\"alignleft wp-image-10220\" src=\"http:\/\/www.gruppopdregionetoscana.it\/web\/wp-content\/uploads\/2015\/08\/DSC6135.jpg\" alt=\"_DSC6135\" width=\"362\" height=\"241\" srcset=\"https:\/\/www.gruppopdregionetoscana.it\/web\/wp-content\/uploads\/2015\/08\/DSC6135.jpg 6000w, https:\/\/www.gruppopdregionetoscana.it\/web\/wp-content\/uploads\/2015\/08\/DSC6135-300x200.jpg 300w, https:\/\/www.gruppopdregionetoscana.it\/web\/wp-content\/uploads\/2015\/08\/DSC6135-1024x683.jpg 1024w\" sizes=\"auto, (max-width: 362px) 100vw, 362px\" \/>Approvata nelle seduta odierna del Consiglio regionale della Toscana la nuova legge regionale <strong>per la diffusione dei defibrillatori semiautomatici esterni nell\u2019ambito della pratica fisica e sportiva<\/strong>, che ne prevede la presenza obbligatoria negli impianti sportivi a partire dal <strong>1 luglio 2016.<\/strong><\/p>\n<p>&#8220;Con la nuova legge regionale la Toscana fa un passo importante dal punto di vista della prevenzione e per la sicurezza di chi fa sport. E anche stavolta lo fa da apripista, prevedendo l&#8217;entrata in vigore a luglio 2016, in anticipo con le linee guida della normativa nazionale&#8221; &#8211; <strong>commenta il presidente della Commissione Sanit\u00e0 e politiche sociali Stefano Scaramelli (Pd)<\/strong> &#8211; &#8220;La possibilit\u00e0 di intervenire nei primi minuti di crisi con un defibrillatore, infatti, \u00e8 determinante per salvare la vita di una persona. E per questo abbiamo previsto che tutti gli impianti sportivi dovranno esserne dotati, assieme a delle persone appositamente formate per l&#8217;utilizzo in caso di emegenza&#8221;.<\/p>\n<p>&#8220;E&#8217; importante precisare che la normativa riguarda solo gli impianti sportivi, ovvero spazi preposti unicamente ad attivit\u00e0 sportive, mentre l&#8217;obbligo non riguarda, per esempio, quei circoli dove si trovano locali per il ballo o le bocce. A fare i controlli e a sanzionare eventuali inadempienze saranno i Comuni, ma mi fa piacere evidenziare l&#8217;atteggiamento positivo del mondo dello sport verso questa legge, data la consapevolezza che quella che stiamo avviando \u00e8 una vera rivoluzione riguardo alla sicurezza sullo sport&#8221; &#8211; <strong>dichiara il consigliere Pd Enrico Sostegni<\/strong>, membro della Commissione sanit\u00e0 del Consiglio regionale.<\/p>\n<p>&#8220;Lo sforzo, sul quale si sono concentrati anche i lavori della Commissione, \u00e8 stato anche quello di andare il pi\u00f9 possibile incontro ai gestori degli impianti e alle societ\u00e0 sportive, in primis prorogando il termine per l&#8217;obbligatoriet\u00e0, che la vecchia norma prevedeva per questo mese, e poi introducendo nel testo una notevole semplificazione burocratica. Non sar\u00e0 necessario, infatti, inviare nessun documento, ma solo tenere presso l&#8217;impianto tutta la documentazione relativa al defribillatore. Soprattutto, per evitare di gravare sulle associazioni e le societ\u00e0 sportive, la formazione obbligatoria del personale addetto all&#8217;uso potr\u00e0 essere erogata, oltre che da soggetti accredidati, dalle Asl territoriali e con il coinvolgimento delle associazioni di volontariato, dando cos\u00ec la possibilit\u00e0 di poter frequentare i corsi senza ulteriori costi&#8221;. &#8211; <strong>concludono i consiglieri Pd Scaramelli e Sostegni<\/strong>.<\/p>\n","protected":false},"excerpt":{"rendered":"<p>Approvata nelle seduta odierna del Consiglio regionale della Toscana la nuova legge regionale per la diffusione dei defibrillatori semiautomatici esterni nell\u2019ambito della pratica fisica e sportiva, che ne prevede la presenza obbligatoria negli impianti sportivi a partire dal 1 luglio 2016. &#8220;Con la nuova legge regionale la Toscana fa un passo importante dal punto di [&hellip;]<\/p>\n","protected":false},"author":1,"featured_media":0,"comment_status":"closed","ping_status":"closed","sticky":false,"template":"","format":"standard","meta":{"_jetpack_memberships_contains_paid_content":false,"footnotes":""},"categories":[972,971],"tags":[],"class_list":{"0":"post-10876","1":"post","2":"type-post","3":"status-publish","4":"format-standard","6":"category-enrico-sostegni","7":"category-stefano-scaramelli","8":"czr-hentry"},"jetpack_featured_media_url":"","jetpack_sharing_enabled":true,"_links":{"self":[{"href":"https:\/\/www.gruppopdregionetoscana.it\/web\/wp-json\/wp\/v2\/posts\/10876","targetHints":{"allow":["GET"]}}],"collection":[{"href":"https:\/\/www.gruppopdregionetoscana.it\/web\/wp-json\/wp\/v2\/posts"}],"about":[{"href":"https:\/\/www.gruppopdregionetoscana.it\/web\/wp-json\/wp\/v2\/types\/post"}],"author":[{"embeddable":true,"href":"https:\/\/www.gruppopdregionetoscana.it\/web\/wp-json\/wp\/v2\/users\/1"}],"replies":[{"embeddable":true,"href":"https:\/\/www.gruppopdregionetoscana.it\/web\/wp-json\/wp\/v2\/comments?post=10876"}],"version-history":[{"count":0,"href":"https:\/\/www.gruppopdregionetoscana.it\/web\/wp-json\/wp\/v2\/posts\/10876\/revisions"}],"wp:attachment":[{"href":"https:\/\/www.gruppopdregionetoscana.it\/web\/wp-json\/wp\/v2\/media?parent=10876"}],"wp:term":[{"taxonomy":"category","embeddable":true,"href":"https:\/\/www.gruppopdregionetoscana.it\/web\/wp-json\/wp\/v2\/categories?post=10876"},{"taxonomy":"post_tag","embeddable":true,"href":"https:\/\/www.gruppopdregionetoscana.it\/web\/wp-json\/wp\/v2\/tags?post=10876"}],"curies":[{"name":"wp","href":"https:\/\/api.w.org\/{rel}","templated":true}]}}