{"id":10882,"date":"2015-10-07T15:28:11","date_gmt":"2015-10-07T13:28:11","guid":{"rendered":"http:\/\/www.gruppopdregionetoscana.it\/web\/?p=10882"},"modified":"2015-10-10T10:06:06","modified_gmt":"2015-10-10T08:06:06","slug":"province-pieroni-pd-riordino-sfida-impegnativa-e-occasione-importante-attenzione-particolare-va-rivolta-a-polizia-provinciale-e-centri-per-limpiego","status":"publish","type":"post","link":"https:\/\/www.gruppopdregionetoscana.it\/web\/province-pieroni-pd-riordino-sfida-impegnativa-e-occasione-importante-attenzione-particolare-va-rivolta-a-polizia-provinciale-e-centri-per-limpiego\/","title":{"rendered":"Province, Pieroni (Pd): \u201cRiordino sfida impegnativa e occasione importante. Attenzione particolare va rivolta a  Polizia provinciale e Centri per l\u2019impiego\u201d"},"content":{"rendered":"<p><i><span style=\"color: #000000; font-family: Calibri;\">Via libera del Consiglio alla risoluzione del Gruppo Pd collegata alla comunicazione dell\u2019assessore Bugli sul riordino delle funzioni provinciali<\/span><\/i><\/p>\n<p><span style=\"color: #000000; font-family: Calibri;\">\u00a0<\/span><\/p>\n<p><span style=\"color: #000000; font-family: Calibri;\"><img loading=\"lazy\" decoding=\"async\" class=\"alignleft size-full wp-image-10006\" src=\"http:\/\/www.gruppopdregionetoscana.it\/web\/wp-content\/uploads\/2015\/07\/pieroni.jpg\" alt=\"pieroni\" width=\"298\" height=\"298\" srcset=\"https:\/\/www.gruppopdregionetoscana.it\/web\/wp-content\/uploads\/2015\/07\/pieroni.jpg 298w, https:\/\/www.gruppopdregionetoscana.it\/web\/wp-content\/uploads\/2015\/07\/pieroni-150x150.jpg 150w, https:\/\/www.gruppopdregionetoscana.it\/web\/wp-content\/uploads\/2015\/07\/pieroni-66x66.jpg 66w\" sizes=\"auto, (max-width: 298px) 100vw, 298px\" \/>\u201cIl riordino delle province \u00e8 una sfida impegnativa, ma anche un\u2019opportunit\u00e0 per assicurare la continuit\u00e0 dei servizi sul territorio, semplificando le procedure e migliorando l\u2019efficacia. E\u2019 un passaggio che, in linea con la riforma costituzionale in discussione, muter\u00e0 il profilo della regione che aggiunger\u00e0 alle competenze legislative e di programma anche importanti funzioni gestionali. E in questo fase un\u2019attenzione particolare va data alla Polizia provinciale \u00a0e ai Centri per l\u2019impiego, sia per la professionalit\u00e0 che per le competenze acquisite su temi come ambiente, caccia, pesca e agricoltura. Ed \u00e8 anche per questo che il Pd \u00e8 d\u2019accordo nello spostare la data del 31 ottobre quale termine entro il quale le regioni devono procedere all\u2019individuazione del personale da trasferire\u201d. Cosi il consigliere del Pd <b>Andrea Pieroni<\/b> che stamani in aula ha presentato la risoluzione a firma del gruppo collegata alla comunicazione fatta dall\u2019assessore Bugli sul riordino delle funzioni provinciali. <\/span><\/p>\n<p><span style=\"color: #000000; font-family: Calibri;\">\u00a0\u201cE\u2019 necessario \u2013 spiega Pieroni<b>&#8211;<\/b> mantenere il pi\u00f9 possibile servizi e presidi sul territorio nelle materie che dal 1 gennaio saranno afferenti alla Regione e mi riferisco in particolare al lavoro, alla formazione, all\u2019agricoltura, la difesa del suolo, la caccia , la pesca\u00a0 e l\u2019ambiente. Nei prossimi passaggi che porteranno al completamento del processo di riordino \u2013 continua Pieroni- \u00e8 fondamentale che vengano valorizzate e salvaguardate competenze e professionalit\u00e0, venga posta la massima attenzione a garantire in modo efficace la continuit\u00e0 dei servizi prima erogati dalle province, cercando anche di migliorarne le prestazioni\u201d. Pieroni insiste sul \u201cmantenimento dei presidi attivi sul territorio . E per quanto riguarda la Polizia provinciale \u00e8 necessario mettere in atto ogni azione utile\u00a0 a mantenere l\u2019unitariet\u00e0 del corpo date le professionalit\u00e0 e le competenze acquisite in questi anni dagli operatori e soprattutto in merito all\u2019importante ruolo che essi sarebbero chiamati a svolgere in ordine alle funzioni che verranno riordinate in testa alla Regione (ambiente, caccia, pesca ed agricoltura) sia in merito a quelle che permangono in capo alle province (viabilit\u00e0 provinciale)\u201d. La risoluzione invita infatti la giunta a che, una volta terminato il processo di riordino, sia comunque garantita alle province la possibilit\u00e0 di esercitare le funzioni fondamentali, a partire dalla viabilit\u00e0 provinciale e dalla gestione dell\u2019edilizia scolastica, in modo adeguato e con la giusta dotazione di risorse. <\/span><\/p>\n<p><span style=\"color: #000000; font-family: Calibri;\">\u00a0<\/span><\/p>\n<p>&nbsp;<\/p>\n","protected":false},"excerpt":{"rendered":"<p>Via libera del Consiglio alla risoluzione del Gruppo Pd collegata alla comunicazione dell\u2019assessore Bugli sul riordino delle funzioni provinciali \u00a0 \u201cIl riordino delle province \u00e8 una sfida impegnativa, ma anche un\u2019opportunit\u00e0 per assicurare la continuit\u00e0 dei servizi sul territorio, semplificando le procedure e migliorando l\u2019efficacia. E\u2019 un passaggio che, in linea con la riforma costituzionale [&hellip;]<\/p>\n","protected":false},"author":1,"featured_media":0,"comment_status":"closed","ping_status":"closed","sticky":false,"template":"","format":"standard","meta":{"_jetpack_memberships_contains_paid_content":false,"footnotes":""},"categories":[970,30],"tags":[],"class_list":{"0":"post-10882","1":"post","2":"type-post","3":"status-publish","4":"format-standard","6":"category-andrea-pieroni","7":"category-comunicati-stampa","8":"czr-hentry"},"jetpack_featured_media_url":"","jetpack_sharing_enabled":true,"_links":{"self":[{"href":"https:\/\/www.gruppopdregionetoscana.it\/web\/wp-json\/wp\/v2\/posts\/10882","targetHints":{"allow":["GET"]}}],"collection":[{"href":"https:\/\/www.gruppopdregionetoscana.it\/web\/wp-json\/wp\/v2\/posts"}],"about":[{"href":"https:\/\/www.gruppopdregionetoscana.it\/web\/wp-json\/wp\/v2\/types\/post"}],"author":[{"embeddable":true,"href":"https:\/\/www.gruppopdregionetoscana.it\/web\/wp-json\/wp\/v2\/users\/1"}],"replies":[{"embeddable":true,"href":"https:\/\/www.gruppopdregionetoscana.it\/web\/wp-json\/wp\/v2\/comments?post=10882"}],"version-history":[{"count":0,"href":"https:\/\/www.gruppopdregionetoscana.it\/web\/wp-json\/wp\/v2\/posts\/10882\/revisions"}],"wp:attachment":[{"href":"https:\/\/www.gruppopdregionetoscana.it\/web\/wp-json\/wp\/v2\/media?parent=10882"}],"wp:term":[{"taxonomy":"category","embeddable":true,"href":"https:\/\/www.gruppopdregionetoscana.it\/web\/wp-json\/wp\/v2\/categories?post=10882"},{"taxonomy":"post_tag","embeddable":true,"href":"https:\/\/www.gruppopdregionetoscana.it\/web\/wp-json\/wp\/v2\/tags?post=10882"}],"curies":[{"name":"wp","href":"https:\/\/api.w.org\/{rel}","templated":true}]}}