{"id":11076,"date":"2015-10-27T18:49:28","date_gmt":"2015-10-27T17:49:28","guid":{"rendered":"http:\/\/www.gruppopdregionetoscana.it\/web\/?p=11076"},"modified":"2015-10-27T19:00:25","modified_gmt":"2015-10-27T18:00:25","slug":"province-pieroni-pd-oggi-passo-avanti-importante-valorizzate-competenze-e-salvaguardato-il-personale","status":"publish","type":"post","link":"https:\/\/www.gruppopdregionetoscana.it\/web\/province-pieroni-pd-oggi-passo-avanti-importante-valorizzate-competenze-e-salvaguardato-il-personale\/","title":{"rendered":"Province, Pieroni (Pd): \u201cOggi passo avanti importante: valorizzate competenze e salvaguardato il personale\u201d"},"content":{"rendered":"<p style=\"text-align: justify;\"><b><i><span style=\"color: #000000; font-family: Calibri;\">Bene turismo e forestazione. Approfondimento su Polizia forestale<\/span><\/i><\/b><\/p>\n<p style=\"text-align: justify;\"><span style=\"font-family: Calibri;\"><span style=\"color: #000000;\"><img loading=\"lazy\" decoding=\"async\" class=\"size-full wp-image-10006 alignleft\" src=\"http:\/\/www.gruppopdregionetoscana.it\/web\/wp-content\/uploads\/2015\/07\/pieroni.jpg\" alt=\"pieroni\" width=\"298\" height=\"298\" srcset=\"https:\/\/www.gruppopdregionetoscana.it\/web\/wp-content\/uploads\/2015\/07\/pieroni.jpg 298w, https:\/\/www.gruppopdregionetoscana.it\/web\/wp-content\/uploads\/2015\/07\/pieroni-150x150.jpg 150w, https:\/\/www.gruppopdregionetoscana.it\/web\/wp-content\/uploads\/2015\/07\/pieroni-66x66.jpg 66w\" sizes=\"auto, (max-width: 298px) 100vw, 298px\" \/>Il passaggio di oggi rappresenta tassello importante nel percorso di riordino delle funzioni provinciali, con il quale si colmano alcune delle leggi fin ora approvate, e si definiscono quelle che sono le sorti del personale dei dipendenti delle Province. Un passo avanti importante, ma anche una sfida impegnativa\u201d. Cos\u00ec il consigliere del Pd<b> Andrea Pieroni<\/b><\/span><span style=\"color: #000000;\"> \u00e8 intervenuto oggi in aula dove \u00e8 in corso l\u2019approvazione della legge sul nuovo assetto delle Province. \u201cIl testo di legge cos\u00ec come emendato- spiega Pieroni-\u00a0 raggiunge alcuni fondamentali\u00a0 obiettivi che ci eravamo posti: Evitare che il personale dipendente delle Province venga\u00a0 collocato in mobilit\u00e0; Valorizzare funzioni e competenze; Rendere pi\u00f9 efficaci, pi\u00f9 snelle e meno costose le funzioni di cui si riappropria la Regione. Dal 1 gennaio \u2013 ha proseguito Pieroni \u2013 la Regione, per la prima volta, gestir\u00e0 anche funzioni amministrative importanti e questo lo dimostra il numero dei dipendenti circa 1600 in pi\u00f9 che prenderanno servizio presso la Regione. Siamo di fronte ad una\u00a0 sfida\u00a0 e opportunit\u00e0 importante per la politica, l\u2019amministrazione ei dipendenti , frutto di un lavoro qualificato, delicato e impegnativo. E su questo vorrei ringraziare l\u2019assessore Bugli per l\u2019ascolto, il\u00a0 confronto e\u00a0 l\u2019impegno a\u00a0 trovare punti di equilibrio avanzati. Ma il lavoro non finisce qua. Questo percorso avr\u00e0 bisogno di monitoraggio e verifiche. Sono state trovate soluzioni adeguate su turismo e forestazione sulle quali si sceglie un ambito di gestione pi\u00f9 ambio dei comuni capoluogo delle unioni dei comuni. Sul versante della Polizia provinciale, una delle questioni che ci preme di pi\u00f9,\u00a0\u00a0 si fa un passo avanti inserendo il termine del 20 novembre, anzich\u00e9 del\u00a0 31 ottobre per l\u2019eventuale inserimento del personale nel portale per la mobilit\u00e0 . \u201cE\u2019 un atto importante- conclude <\/span><b><span style=\"color: #000000;\">Pieroni<\/span><\/b><span style=\"color: #000000;\">&#8211;\u00a0 per ragionare meglio affinch\u00e9 si eviti la disgregazione del corpo. Alla Regione spetta ora il controllo in materia di ambiente, rifiuti, caccia e pesca. Rimangono questioni ancora aperte\u00a0 e che sono racchiuse nell\u2019odg presentato e discusso pi\u00f9 avanti. Mi riferisco alla protezione civile, per la quale non dobbiamo correre alcun rischio, e vorrei ricordare quanto la protezione civile sia un\u00a0 ambito delicato e sensibile e come in Toscana rappresenti un modello avanzato e da imitare. Non dobbiamo disgregarlo e anche su questo, cos\u00ec come sull\u2019attivit\u00e0 di prevenzione degli incendi boschivi, \u00e8 necessaria una riflessione ulteriore per assicurare l\u2019unitariet\u00e0 della gestione ed efficacia degli interventi\u201d<\/span><\/span><\/p>\n<p>&nbsp;<\/p>\n<p>&nbsp;<\/p>\n","protected":false},"excerpt":{"rendered":"<p>Bene turismo e forestazione. Approfondimento su Polizia forestale Il passaggio di oggi rappresenta tassello importante nel percorso di riordino delle funzioni provinciali, con il quale si colmano alcune delle leggi fin ora approvate, e si definiscono quelle che sono le sorti del personale dei dipendenti delle Province. Un passo avanti importante, ma anche una sfida [&hellip;]<\/p>\n","protected":false},"author":1,"featured_media":11088,"comment_status":"closed","ping_status":"closed","sticky":false,"template":"","format":"standard","meta":{"_jetpack_memberships_contains_paid_content":false,"footnotes":""},"categories":[970,30],"tags":[],"class_list":{"0":"post-11076","1":"post","2":"type-post","3":"status-publish","4":"format-standard","5":"has-post-thumbnail","7":"category-andrea-pieroni","8":"category-comunicati-stampa","9":"czr-hentry"},"jetpack_featured_media_url":"https:\/\/www.gruppopdregionetoscana.it\/web\/wp-content\/uploads\/2015\/10\/pieroni-pp1.jpg","jetpack_sharing_enabled":true,"_links":{"self":[{"href":"https:\/\/www.gruppopdregionetoscana.it\/web\/wp-json\/wp\/v2\/posts\/11076","targetHints":{"allow":["GET"]}}],"collection":[{"href":"https:\/\/www.gruppopdregionetoscana.it\/web\/wp-json\/wp\/v2\/posts"}],"about":[{"href":"https:\/\/www.gruppopdregionetoscana.it\/web\/wp-json\/wp\/v2\/types\/post"}],"author":[{"embeddable":true,"href":"https:\/\/www.gruppopdregionetoscana.it\/web\/wp-json\/wp\/v2\/users\/1"}],"replies":[{"embeddable":true,"href":"https:\/\/www.gruppopdregionetoscana.it\/web\/wp-json\/wp\/v2\/comments?post=11076"}],"version-history":[{"count":0,"href":"https:\/\/www.gruppopdregionetoscana.it\/web\/wp-json\/wp\/v2\/posts\/11076\/revisions"}],"wp:featuredmedia":[{"embeddable":true,"href":"https:\/\/www.gruppopdregionetoscana.it\/web\/wp-json\/wp\/v2\/media\/11088"}],"wp:attachment":[{"href":"https:\/\/www.gruppopdregionetoscana.it\/web\/wp-json\/wp\/v2\/media?parent=11076"}],"wp:term":[{"taxonomy":"category","embeddable":true,"href":"https:\/\/www.gruppopdregionetoscana.it\/web\/wp-json\/wp\/v2\/categories?post=11076"},{"taxonomy":"post_tag","embeddable":true,"href":"https:\/\/www.gruppopdregionetoscana.it\/web\/wp-json\/wp\/v2\/tags?post=11076"}],"curies":[{"name":"wp","href":"https:\/\/api.w.org\/{rel}","templated":true}]}}