{"id":11078,"date":"2015-10-27T18:48:08","date_gmt":"2015-10-27T17:48:08","guid":{"rendered":"http:\/\/www.gruppopdregionetoscana.it\/web\/?p=11078"},"modified":"2015-10-27T18:48:08","modified_gmt":"2015-10-27T17:48:08","slug":"marras-pd-la-legge-22-e-solo-linizio-proseguiamo-la-riflessione-sul-riordino-ponendo-massima-attenzione-a-protezione-civile-forestazione-e-continuita-dei-servizi","status":"publish","type":"post","link":"https:\/\/www.gruppopdregionetoscana.it\/web\/marras-pd-la-legge-22-e-solo-linizio-proseguiamo-la-riflessione-sul-riordino-ponendo-massima-attenzione-a-protezione-civile-forestazione-e-continuita-dei-servizi\/","title":{"rendered":"Marras (Pd): \u201cLa legge 22 \u00e8 solo l\u2019inizio. Proseguiamo la riflessione sul riordino ponendo massima attenzione a Protezione civile, forestazione e continuit\u00e0 dei servizi\u201d"},"content":{"rendered":"<p>\u201cLa proposta di modifica della legge regionale 22 sul riordino delle Province, non \u00e8 che l\u2019inizio di una riflessione pi\u00f9 ampia sul nuovo assetto delle funzioni negli enti pubblici. \u00c8 una norma attuativa, il secondo atto si una discussione che \u00e8 stata avviata gi\u00e0 da tempo.<\/p>\n<p>Con l\u2019approvazione di questa proposta di legge, in Toscana, anticipiamo un processo che interesser\u00e0 tutta la nazione e per primi ci renderemo conto di cosa significher\u00e0 ragionare senza l\u2019ente Provincia. Adesso dobbiamo guardare avanti, abbiamo una responsabilit\u00e0 precisa nei confronti di centinaia di persone che attendono di sapere quale sar\u00e0 il loro futuro professionale. Oggi, con la votazione in aula dei trasferimenti del personale abbiamo fatto un passo avanti importante, la Regione ha dimostrato di avere a cuore il lavoro pubblico elaborando in tempi cos\u00ec brevi una proposta di legge. Il percorso, ora, dovr\u00e0 proseguire con il lavoro, fondamentale, sugli ambiti, mantenendo costante il confronto che sin dall\u2019inizio ha contraddistinto il dibattito su questa norma.<\/p>\n<p>Come gruppo PD, abbiamo presentato un ordine del giorno con cui\u00a0 impegniamo giunta regionale, ed impegniamo tutti noi, a proseguire affinch\u00e9 il processo riordino si concretizzi ponendo attenzione su alcune funzioni sovra comunali di particolare rilevanza per l\u2019intera Regione: protezione civile, forestazione e continuit\u00e0 dei servizi.<\/p>\n<p>Chiediamo che non vadano disperse professionalit\u00e0 e capacit\u00e0 operative che si sono specializzate negli anni che, nel caso della Protezione civile, hanno garantito un supporto determinante nel coordinamento di tutti i soggetti coinvolti nel sistema di protezione civile regionale; che personale impegnato nelle attivit\u00e0 di antincendio boschivo venga riunificato cos\u00ec da assicurare omogeneit\u00e0 di servizio in tutta la Toscana, che, infine sia garantita la continuit\u00e0 del servizio di societ\u00e0 ed enti partecipati da provincia o citt\u00e0 metropolitana che esercitano funzioni trasferite dalla Regione, cos\u00ec da mantenere la normale operativit\u00e0 nei confronti dei cittadini, delle imprese, degli enti e delle associazioni\u201d. Cos\u00ec <strong>Leonardo Marras<\/strong>, capogruppo PD, illustrando l\u2019ordine del giorno collegato alla proposta di modifica della legge regionale 22 sul riordino delle funzioni provinciali approvato oggi dall\u2019Aula.<\/p>\n","protected":false},"excerpt":{"rendered":"<p>\u201cLa proposta di modifica della legge regionale 22 sul riordino delle Province, non \u00e8 che l\u2019inizio di una riflessione pi\u00f9 ampia sul nuovo assetto delle funzioni negli enti pubblici. \u00c8 una norma attuativa, il secondo atto si una discussione che \u00e8 stata avviata gi\u00e0 da tempo. Con l\u2019approvazione di questa proposta di legge, in Toscana, [&hellip;]<\/p>\n","protected":false},"author":1,"featured_media":11082,"comment_status":"closed","ping_status":"closed","sticky":false,"template":"","format":"standard","meta":{"_jetpack_memberships_contains_paid_content":false,"footnotes":""},"categories":[30,954],"tags":[1137,299,1136,36],"class_list":{"0":"post-11078","1":"post","2":"type-post","3":"status-publish","4":"format-standard","5":"has-post-thumbnail","7":"category-comunicati-stampa","8":"category-leonardo-marras","9":"tag-marras","10":"tag-province","11":"tag-riordino-istituzionale","12":"tag-toscana","13":"czr-hentry"},"jetpack_featured_media_url":"https:\/\/www.gruppopdregionetoscana.it\/web\/wp-content\/uploads\/2015\/10\/Marras-Leonardo.jpg","jetpack_sharing_enabled":true,"_links":{"self":[{"href":"https:\/\/www.gruppopdregionetoscana.it\/web\/wp-json\/wp\/v2\/posts\/11078","targetHints":{"allow":["GET"]}}],"collection":[{"href":"https:\/\/www.gruppopdregionetoscana.it\/web\/wp-json\/wp\/v2\/posts"}],"about":[{"href":"https:\/\/www.gruppopdregionetoscana.it\/web\/wp-json\/wp\/v2\/types\/post"}],"author":[{"embeddable":true,"href":"https:\/\/www.gruppopdregionetoscana.it\/web\/wp-json\/wp\/v2\/users\/1"}],"replies":[{"embeddable":true,"href":"https:\/\/www.gruppopdregionetoscana.it\/web\/wp-json\/wp\/v2\/comments?post=11078"}],"version-history":[{"count":0,"href":"https:\/\/www.gruppopdregionetoscana.it\/web\/wp-json\/wp\/v2\/posts\/11078\/revisions"}],"wp:featuredmedia":[{"embeddable":true,"href":"https:\/\/www.gruppopdregionetoscana.it\/web\/wp-json\/wp\/v2\/media\/11082"}],"wp:attachment":[{"href":"https:\/\/www.gruppopdregionetoscana.it\/web\/wp-json\/wp\/v2\/media?parent=11078"}],"wp:term":[{"taxonomy":"category","embeddable":true,"href":"https:\/\/www.gruppopdregionetoscana.it\/web\/wp-json\/wp\/v2\/categories?post=11078"},{"taxonomy":"post_tag","embeddable":true,"href":"https:\/\/www.gruppopdregionetoscana.it\/web\/wp-json\/wp\/v2\/tags?post=11078"}],"curies":[{"name":"wp","href":"https:\/\/api.w.org\/{rel}","templated":true}]}}