{"id":11089,"date":"2015-10-28T13:01:32","date_gmt":"2015-10-28T12:01:32","guid":{"rendered":"http:\/\/www.gruppopdregionetoscana.it\/web\/?p=11089"},"modified":"2015-10-28T13:01:32","modified_gmt":"2015-10-28T12:01:32","slug":"gibus-casalguidi-baldi-pd-a-ognuno-le-sue-responsabilita-ma-troviamo-una-soluzione","status":"publish","type":"post","link":"https:\/\/www.gruppopdregionetoscana.it\/web\/gibus-casalguidi-baldi-pd-a-ognuno-le-sue-responsabilita-ma-troviamo-una-soluzione\/","title":{"rendered":"Gibus Casalguidi, Baldi (Pd): \u201cA ognuno le sue responsabilita\u2019, ma troviamo una soluzione\u201d"},"content":{"rendered":"<p><strong>Il consigliere regionale avverte: \u201cIl PD \u00e8 prontissimo ad alzare la posta, non in nome di un sindacalismo datato o antiaziendale, ma nell\u2019interesse dei lavoratori come persone\u201d<\/strong><\/p>\n<p><img loading=\"lazy\" decoding=\"async\" class=\"size-medium wp-image-11090 alignleft\" src=\"http:\/\/www.gruppopdregionetoscana.it\/web\/wp-content\/uploads\/2015\/10\/baldi-300x264.jpg\" alt=\"baldi\" width=\"300\" height=\"264\" srcset=\"https:\/\/www.gruppopdregionetoscana.it\/web\/wp-content\/uploads\/2015\/10\/baldi-300x264.jpg 300w, https:\/\/www.gruppopdregionetoscana.it\/web\/wp-content\/uploads\/2015\/10\/baldi.jpg 700w\" sizes=\"auto, (max-width: 300px) 100vw, 300px\" \/>FIRENZE 28.10.15 &#8211; \u00ab\u00c8 necessario dare il via a una nuova fase. Se da un lato \u00e8 legittima la volont\u00e0 dell\u2019azienda di ristrutturare la propria organizzazione sul piano della logistica e delle risorse umane, nascono per\u00f2 perplessit\u00e0 enormi su tempi e modalit\u00e0 impiegati nella comunicazione con i lavoratori. Sono mancate, infatti, quella trasparenza e quella tempestivit\u00e0 necessarie al lavoratore, come persona, per affrontare al meglio la situazione.<\/p>\n<p>Il tavolo di trattativa di domani, 29 ottobre, sar\u00e0 l\u2019occasione per iniziare a chiarire questi aspetti. Nel contempo, in accordo con\u00a0 il collega Marco Niccolai, che si \u00e8 occupato prontamente dell\u2019interessamento della Regione Toscana, e con la segreteria del presidente Rossi, mi sono attivato per un coinvolgimento del Governo e del Partito Democratico del\u00a0 Veneto, che si sono messi subito a disposizione per offrire un ulteriore percorso di mediazione, di cui si spera non ci sia bisogno. Ma deve essere chiaro che il PD \u00e8 prontissimo ad alzare la posta. E questo non in nome di un sindacalismo datato o di un atteggiamento antiaziendale,\u00a0 ma nel rispetto del diritto delle persone ad avere condizioni ottimali per costruirsi un progetto di lavoro e di vita\u00bb.<\/p>\n<p>&nbsp;<\/p>\n<p>Cos\u00ec <strong>Massimo Baldi<\/strong>, consigliere regionale del Pd, interviene sulla vicenda della chiusura dello stabilimento Gibus di Casalguidi.<\/p>\n<p>&nbsp;<\/p>\n","protected":false},"excerpt":{"rendered":"<p>Il consigliere regionale avverte: \u201cIl PD \u00e8 prontissimo ad alzare la posta, non in nome di un sindacalismo datato o antiaziendale, ma nell\u2019interesse dei lavoratori come persone\u201d FIRENZE 28.10.15 &#8211; \u00ab\u00c8 necessario dare il via a una nuova fase. Se da un lato \u00e8 legittima la volont\u00e0 dell\u2019azienda di ristrutturare la propria organizzazione sul piano [&hellip;]<\/p>\n","protected":false},"author":1,"featured_media":11090,"comment_status":"closed","ping_status":"closed","sticky":false,"template":"","format":"standard","meta":{"_jetpack_memberships_contains_paid_content":false,"footnotes":""},"categories":[30,959],"tags":[105],"class_list":{"0":"post-11089","1":"post","2":"type-post","3":"status-publish","4":"format-standard","5":"has-post-thumbnail","7":"category-comunicati-stampa","8":"category-massimo-baldi","9":"tag-lavoro","10":"czr-hentry"},"jetpack_featured_media_url":"https:\/\/www.gruppopdregionetoscana.it\/web\/wp-content\/uploads\/2015\/10\/baldi.jpg","jetpack_sharing_enabled":true,"_links":{"self":[{"href":"https:\/\/www.gruppopdregionetoscana.it\/web\/wp-json\/wp\/v2\/posts\/11089","targetHints":{"allow":["GET"]}}],"collection":[{"href":"https:\/\/www.gruppopdregionetoscana.it\/web\/wp-json\/wp\/v2\/posts"}],"about":[{"href":"https:\/\/www.gruppopdregionetoscana.it\/web\/wp-json\/wp\/v2\/types\/post"}],"author":[{"embeddable":true,"href":"https:\/\/www.gruppopdregionetoscana.it\/web\/wp-json\/wp\/v2\/users\/1"}],"replies":[{"embeddable":true,"href":"https:\/\/www.gruppopdregionetoscana.it\/web\/wp-json\/wp\/v2\/comments?post=11089"}],"version-history":[{"count":0,"href":"https:\/\/www.gruppopdregionetoscana.it\/web\/wp-json\/wp\/v2\/posts\/11089\/revisions"}],"wp:featuredmedia":[{"embeddable":true,"href":"https:\/\/www.gruppopdregionetoscana.it\/web\/wp-json\/wp\/v2\/media\/11090"}],"wp:attachment":[{"href":"https:\/\/www.gruppopdregionetoscana.it\/web\/wp-json\/wp\/v2\/media?parent=11089"}],"wp:term":[{"taxonomy":"category","embeddable":true,"href":"https:\/\/www.gruppopdregionetoscana.it\/web\/wp-json\/wp\/v2\/categories?post=11089"},{"taxonomy":"post_tag","embeddable":true,"href":"https:\/\/www.gruppopdregionetoscana.it\/web\/wp-json\/wp\/v2\/tags?post=11089"}],"curies":[{"name":"wp","href":"https:\/\/api.w.org\/{rel}","templated":true}]}}