{"id":11093,"date":"2015-10-28T16:16:40","date_gmt":"2015-10-28T15:16:40","guid":{"rendered":"http:\/\/www.gruppopdregionetoscana.it\/web\/?p=11093"},"modified":"2015-10-28T16:16:40","modified_gmt":"2015-10-28T15:16:40","slug":"ammortizzatori-sociali-marras-e-mazzeo-pd-bene-rossi-giusto-chiedere-prolungamento-per-livorno-e-piombino-ma-occorre-anche-che-la-toscana-diventi-apripista-di-nuovo-sistema-di-welfare","status":"publish","type":"post","link":"https:\/\/www.gruppopdregionetoscana.it\/web\/ammortizzatori-sociali-marras-e-mazzeo-pd-bene-rossi-giusto-chiedere-prolungamento-per-livorno-e-piombino-ma-occorre-anche-che-la-toscana-diventi-apripista-di-nuovo-sistema-di-welfare\/","title":{"rendered":"Ammortizzatori Sociali, Marras e Mazzeo (Pd): \u201cBene Rossi, giusto chiedere prolungamento per Livorno e Piombino. Ma occorre anche che la Toscana diventi apripista di nuovo sistema di welfare\u201d"},"content":{"rendered":"<p><img loading=\"lazy\" decoding=\"async\" class=\"size-medium wp-image-10996 alignleft\" src=\"http:\/\/www.gruppopdregionetoscana.it\/web\/wp-content\/uploads\/2015\/10\/marras-mazzeo-300x205.jpg\" alt=\"marras-mazzeo\" width=\"300\" height=\"205\" srcset=\"https:\/\/www.gruppopdregionetoscana.it\/web\/wp-content\/uploads\/2015\/10\/marras-mazzeo-300x205.jpg 300w, https:\/\/www.gruppopdregionetoscana.it\/web\/wp-content\/uploads\/2015\/10\/marras-mazzeo.jpg 643w\" sizes=\"auto, (max-width: 300px) 100vw, 300px\" \/>FIRENZE 28.10.2015 \u2013 \u00abCondividiamo la richiesta formulata dal presidente Rossi al ministro Poletti di prolungare i tempi di copertura degli ammortizzatori sociali per i lavoratori della provincia di <u>\u202a<\/u>Livorno, anche perch\u00e9 si tratta di un\u2019area che presenta due grandi realt\u00e0 di crisi industriale e occupazionale. E\u2019 sacrosanto cercare di dare una risposta urgente a migliaia di lavoratori, in mobilit\u00e0 o in cassa integrazione, e alle loro famiglie. Ma crediamo che la Toscana debba anche avanzare una proposta in grado di guardare oltre l\u2019emergenza, di cogliere cio\u00e8 l\u2019esigenza di un rinnovamento delle forme di welfare. La nostra regione, in questo caso, pu\u00f2 diventare davvero una sorta di apripista alle premesse contenute nel Jobs Act, quella cio\u00e8 di ridefinire il sistema degli ammortizzatori sociali, cosa che deve trovare applicazione prioritaria a partire proprio dalle realt\u00e0 pi\u00f9 difficili, come nel caso di Livorno e Piombino. E\u2019 quindi venuto il momento di aprire un confronto diretto tra Regione Toscana e governo, per renderci disponibili a sperimentare accordi innovativi che ci facciano svoltare su un tema davvero decisivo per la qualit\u00e0 della vita, del lavoro e dello sviluppo. Pensiamo a progetti e processi di politiche pubbliche che puntino a creare sviluppo, crescita e reindustrializzazione, a partire proprio nell&#8217;area costiera della Toscana. Guardare al presente, quindi, rispondendo allo stato di difficolt\u00e0, spesso drammatico, di tante famiglie. Puntare al futuro, insieme, per inaugurare una stagione di nuovo welfare \u201cdi iniziativa\u201d in grado di tenere insieme solidariet\u00e0 e investimento nelle formazione e nel lavoro.<\/p>\n<p>La Regione, operi insieme al il governo nazionale, quindi, per ricercare nuove forme di ammortizzatori sociali, affinch\u00e9 si possano destinare risorse pubbliche per un sussidio a favore di chi non avr\u00e0 pi\u00f9 la copertura della CIG, in cambio per\u00f2 di prestazioni di pubblica utilit\u00e0 e che, al tempo stesso, si mettano in campo azioni formative anche direttamente in azienda, secondo il modello dello stage formativo, in grado di incrociare sin da subito le prospettive dei nuovi investimenti con la domanda di lavoro che gi\u00e0 esiste.\u00bb.<\/p>\n<p>Cos\u00ec <strong>Leonardo Marras<\/strong>, capogruppo del Pd in Consiglio regionale e <strong>Antonio Mazzeo<\/strong>, vicesegretario del Pd toscano e presidente della commissione Ripresa economico-sociale Toscana Costiera, in una nota congiunta sulla questione del prolungamento degli ammortizzatori sociali richiesta dal presidente Rossi al ministro Poletti.<\/p>\n<p>&nbsp;<\/p>\n","protected":false},"excerpt":{"rendered":"<p>FIRENZE 28.10.2015 \u2013 \u00abCondividiamo la richiesta formulata dal presidente Rossi al ministro Poletti di prolungare i tempi di copertura degli ammortizzatori sociali per i lavoratori della provincia di \u202aLivorno, anche perch\u00e9 si tratta di un\u2019area che presenta due grandi realt\u00e0 di crisi industriale e occupazionale. E\u2019 sacrosanto cercare di dare una risposta urgente a migliaia [&hellip;]<\/p>\n","protected":false},"author":1,"featured_media":10996,"comment_status":"closed","ping_status":"closed","sticky":false,"template":"","format":"standard","meta":{"_jetpack_memberships_contains_paid_content":false,"footnotes":""},"categories":[966,30,954],"tags":[105,33,187],"class_list":{"0":"post-11093","1":"post","2":"type-post","3":"status-publish","4":"format-standard","5":"has-post-thumbnail","7":"category-antonio-mazzeo","8":"category-comunicati-stampa","9":"category-leonardo-marras","10":"tag-lavoro","11":"tag-livorno","12":"tag-piombino","13":"czr-hentry"},"jetpack_featured_media_url":"https:\/\/www.gruppopdregionetoscana.it\/web\/wp-content\/uploads\/2015\/10\/marras-mazzeo.jpg","jetpack_sharing_enabled":true,"_links":{"self":[{"href":"https:\/\/www.gruppopdregionetoscana.it\/web\/wp-json\/wp\/v2\/posts\/11093","targetHints":{"allow":["GET"]}}],"collection":[{"href":"https:\/\/www.gruppopdregionetoscana.it\/web\/wp-json\/wp\/v2\/posts"}],"about":[{"href":"https:\/\/www.gruppopdregionetoscana.it\/web\/wp-json\/wp\/v2\/types\/post"}],"author":[{"embeddable":true,"href":"https:\/\/www.gruppopdregionetoscana.it\/web\/wp-json\/wp\/v2\/users\/1"}],"replies":[{"embeddable":true,"href":"https:\/\/www.gruppopdregionetoscana.it\/web\/wp-json\/wp\/v2\/comments?post=11093"}],"version-history":[{"count":0,"href":"https:\/\/www.gruppopdregionetoscana.it\/web\/wp-json\/wp\/v2\/posts\/11093\/revisions"}],"wp:featuredmedia":[{"embeddable":true,"href":"https:\/\/www.gruppopdregionetoscana.it\/web\/wp-json\/wp\/v2\/media\/10996"}],"wp:attachment":[{"href":"https:\/\/www.gruppopdregionetoscana.it\/web\/wp-json\/wp\/v2\/media?parent=11093"}],"wp:term":[{"taxonomy":"category","embeddable":true,"href":"https:\/\/www.gruppopdregionetoscana.it\/web\/wp-json\/wp\/v2\/categories?post=11093"},{"taxonomy":"post_tag","embeddable":true,"href":"https:\/\/www.gruppopdregionetoscana.it\/web\/wp-json\/wp\/v2\/tags?post=11093"}],"curies":[{"name":"wp","href":"https:\/\/api.w.org\/{rel}","templated":true}]}}