{"id":11239,"date":"2015-11-05T11:58:59","date_gmt":"2015-11-05T10:58:59","guid":{"rendered":"http:\/\/www.gruppopdregionetoscana.it\/web\/?p=11239"},"modified":"2015-11-05T11:58:59","modified_gmt":"2015-11-05T10:58:59","slug":"nuovo-pignone-avenza-firma-protocollo-dintesa-soddisfazione-di-bugliani-pd","status":"publish","type":"post","link":"https:\/\/www.gruppopdregionetoscana.it\/web\/nuovo-pignone-avenza-firma-protocollo-dintesa-soddisfazione-di-bugliani-pd\/","title":{"rendered":"Nuovo Pignone Avenza, firma protocollo d\u2019intesa, soddisfazione di Bugliani (Pd)"},"content":{"rendered":"<p><a href=\"http:\/\/www.gruppopdregionetoscana.it\/web\/wp-content\/uploads\/2015\/08\/DSC62562.jpg\"><img loading=\"lazy\" decoding=\"async\" class=\"size-medium wp-image-10261 alignleft\" src=\"http:\/\/www.gruppopdregionetoscana.it\/web\/wp-content\/uploads\/2015\/08\/DSC62562-200x300.jpg\" alt=\"_DSC6256(2)\" width=\"200\" height=\"300\" srcset=\"https:\/\/www.gruppopdregionetoscana.it\/web\/wp-content\/uploads\/2015\/08\/DSC62562-200x300.jpg 200w, https:\/\/www.gruppopdregionetoscana.it\/web\/wp-content\/uploads\/2015\/08\/DSC62562-683x1024.jpg 683w\" sizes=\"auto, (max-width: 200px) 100vw, 200px\" \/><\/a>\u201cUn accordo che consente di spingere finalmente l\u2019acceleratore della ripresa e dello sviluppo . Stiamo parlando di un gruppo industriale in crescita, in grado di consolidarsi sempre pi\u00f9 nel nostro territorio e creare un indotto, e di conseguenza nuove possibilit\u00e0 occupazionali. L\u2019impegno della Regione Toscana su questo fronte \u00e8 fondamentale, sia per sostenere infrastrutture e investimenti, sia per favorire la crescita occupazionale, e anche il reinserimento di lavoratori vittime delle tante crisi che hanno colpito la nostra zona. Quello di oggi \u00e8 sicuramente un passaggio importante per dare una boccata d\u2019ossigeno alla nostra economia. Va ricordato che gi\u00e0 \u00e8 partito un percorso presso il Mise per la reindustrializzazione di Massa Carrara, la Regione continuer\u00e0 a fare la sua parte: il lavoro \u00e8 e resta una priorit\u00e0 per tutti noi che rappresentiamo i cittadini nelle istituzioni.\u201d.<\/p>\n<p>Cos\u00ec <strong>Giacomo Bugliani<\/strong>, consigliere regionale Pd, commenta la firma del protocollo d\u2019intesa per lo sviluppo del polo industriale di Avenza (Massa Carrara), avvenuta questa mattina presso la presidenza della Regione.<\/p>\n","protected":false},"excerpt":{"rendered":"<p>\u201cUn accordo che consente di spingere finalmente l\u2019acceleratore della ripresa e dello sviluppo . Stiamo parlando di un gruppo industriale in crescita, in grado di consolidarsi sempre pi\u00f9 nel nostro territorio e creare un indotto, e di conseguenza nuove possibilit\u00e0 occupazionali. L\u2019impegno della Regione Toscana su questo fronte \u00e8 fondamentale, sia per sostenere infrastrutture e [&hellip;]<\/p>\n","protected":false},"author":1,"featured_media":10321,"comment_status":"closed","ping_status":"closed","sticky":false,"template":"","format":"standard","meta":{"_jetpack_memberships_contains_paid_content":false,"footnotes":""},"categories":[30,961],"tags":[],"class_list":{"0":"post-11239","1":"post","2":"type-post","3":"status-publish","4":"format-standard","5":"has-post-thumbnail","7":"category-comunicati-stampa","8":"category-giacomo-bugliani","9":"czr-hentry"},"jetpack_featured_media_url":"https:\/\/www.gruppopdregionetoscana.it\/web\/wp-content\/uploads\/2015\/08\/DSC66202.jpg","jetpack_sharing_enabled":true,"_links":{"self":[{"href":"https:\/\/www.gruppopdregionetoscana.it\/web\/wp-json\/wp\/v2\/posts\/11239","targetHints":{"allow":["GET"]}}],"collection":[{"href":"https:\/\/www.gruppopdregionetoscana.it\/web\/wp-json\/wp\/v2\/posts"}],"about":[{"href":"https:\/\/www.gruppopdregionetoscana.it\/web\/wp-json\/wp\/v2\/types\/post"}],"author":[{"embeddable":true,"href":"https:\/\/www.gruppopdregionetoscana.it\/web\/wp-json\/wp\/v2\/users\/1"}],"replies":[{"embeddable":true,"href":"https:\/\/www.gruppopdregionetoscana.it\/web\/wp-json\/wp\/v2\/comments?post=11239"}],"version-history":[{"count":0,"href":"https:\/\/www.gruppopdregionetoscana.it\/web\/wp-json\/wp\/v2\/posts\/11239\/revisions"}],"wp:featuredmedia":[{"embeddable":true,"href":"https:\/\/www.gruppopdregionetoscana.it\/web\/wp-json\/wp\/v2\/media\/10321"}],"wp:attachment":[{"href":"https:\/\/www.gruppopdregionetoscana.it\/web\/wp-json\/wp\/v2\/media?parent=11239"}],"wp:term":[{"taxonomy":"category","embeddable":true,"href":"https:\/\/www.gruppopdregionetoscana.it\/web\/wp-json\/wp\/v2\/categories?post=11239"},{"taxonomy":"post_tag","embeddable":true,"href":"https:\/\/www.gruppopdregionetoscana.it\/web\/wp-json\/wp\/v2\/tags?post=11239"}],"curies":[{"name":"wp","href":"https:\/\/api.w.org\/{rel}","templated":true}]}}