{"id":11266,"date":"2015-11-06T16:27:23","date_gmt":"2015-11-06T15:27:23","guid":{"rendered":"http:\/\/www.gruppopdregionetoscana.it\/web\/?p=11266"},"modified":"2015-11-07T00:45:07","modified_gmt":"2015-11-06T23:45:07","slug":"cavalli-spa-monni-pd-incontra-i-sindacati-e-porta-il-caso-in-regione-inaccettabile-quello-che-sta-succedendo-aprire-subito-un-confronto-con-la-proprieta","status":"publish","type":"post","link":"https:\/\/www.gruppopdregionetoscana.it\/web\/cavalli-spa-monni-pd-incontra-i-sindacati-e-porta-il-caso-in-regione-inaccettabile-quello-che-sta-succedendo-aprire-subito-un-confronto-con-la-proprieta\/","title":{"rendered":"Cavalli Spa, Monni (Pd)  incontra i sindacati e porta il caso in Regione: \u201c Inaccettabile quello che sta succedendo.  Aprire subito un confronto con la propriet\u00e0 \u201d"},"content":{"rendered":"<p><span style=\"font-family: Calibri;\"><span style=\"color: #000000;\"><img loading=\"lazy\" decoding=\"async\" class=\" wp-image-11269 alignleft\" src=\"http:\/\/www.gruppopdregionetoscana.it\/web\/wp-content\/uploads\/2015\/11\/monni-cavalli.jpg\" alt=\"monni cavalli\" width=\"352\" height=\"223\" srcset=\"https:\/\/www.gruppopdregionetoscana.it\/web\/wp-content\/uploads\/2015\/11\/monni-cavalli.jpg 500w, https:\/\/www.gruppopdregionetoscana.it\/web\/wp-content\/uploads\/2015\/11\/monni-cavalli-300x190.jpg 300w, https:\/\/www.gruppopdregionetoscana.it\/web\/wp-content\/uploads\/2015\/11\/monni-cavalli-320x202.jpg 320w\" sizes=\"auto, (max-width: 352px) 100vw, 352px\" \/>\u00a0\u201cE\u2019 inaccettabile quello che sta accadendo nel territorio sestese. L\u2019acquisto di un brand cos\u00ec importante non pu\u00f2 essere un investimento di tipo speculativo ma un patto che si fa con le Istituzioni, con il territorio e con chi, da anni, lavora all\u2019interno dell\u2019azienda\u201d. Lo dice <b>Monia Monni, vice capogruppo del Pd <\/b><\/span><span style=\"color: #000000;\">in Consiglio regionale che questa mattina a Sesto Fiorentini ha incontrato i sindacati\u00a0 all\u2019azienda Cavalli all\u2019Osmannoro (via del Cantone) \u201cPorter\u00f2 con forza la questione all\u2019interno del Consiglio regionale &#8211; aggiunge Monni- ed informer\u00f2 il Presidente Rossi, persona sensibile a queste vicende, di quanto si sta verificando. E\u2019 necessario aprire immediatamente un confronto con la propriet\u00e0 del Fondo Clessidra perch\u00e9 siano attivati, se necessario, gli ammortizzatori sociali ma soprattutto perch\u00e9 venga presentato celermente un piano industriale capace di disegnare il futuro della Roberto Cavalli. E\u2019 importante sottolineare il ruolo chiave che la politica pu\u00f2 svolgere in contesti come questi. Sara Biagiotti, ex Sindaco di Sesto Fiorentino, si era spesa molto in passato per i lavoratori della Roberto Cavalli ed oggi pi\u00f9 che mai vediamo quanto pesa l\u2019assenza di una figura politico-istituzionale di riferimento nel Comune di Sesto\u201d.<\/span><\/span><\/p>\n<p><span style=\"font-family: Calibri;\"><span style=\"color: #000000;\">\u201cRingraziamo le Istituzioni ed in particolare Monia Monni per il sostegno ai lavoratori. Vogliamo capire \u2013conclude <b>Monica Biagiotti della Cgil Sesto Filctem<\/b><\/span><span style=\"color: #000000;\"> che era presente all\u2019incontro di stamani &#8211; quale sar\u00e0 il futuro della Roberto Cavalli\u201d. \u00a0<\/span><\/span><\/p>\n<p><span style=\"color: #000000; font-family: Calibri;\">\u00a0<\/span><\/p>\n<p>&nbsp;<\/p>\n","protected":false},"excerpt":{"rendered":"<p>\u00a0\u201cE\u2019 inaccettabile quello che sta accadendo nel territorio sestese. L\u2019acquisto di un brand cos\u00ec importante non pu\u00f2 essere un investimento di tipo speculativo ma un patto che si fa con le Istituzioni, con il territorio e con chi, da anni, lavora all\u2019interno dell\u2019azienda\u201d. Lo dice Monia Monni, vice capogruppo del Pd in Consiglio regionale che [&hellip;]<\/p>\n","protected":false},"author":1,"featured_media":11269,"comment_status":"closed","ping_status":"closed","sticky":false,"template":"","format":"standard","meta":{"_jetpack_memberships_contains_paid_content":false,"footnotes":""},"categories":[30,955],"tags":[],"class_list":{"0":"post-11266","1":"post","2":"type-post","3":"status-publish","4":"format-standard","5":"has-post-thumbnail","7":"category-comunicati-stampa","8":"category-monia-monni","9":"czr-hentry"},"jetpack_featured_media_url":"https:\/\/www.gruppopdregionetoscana.it\/web\/wp-content\/uploads\/2015\/11\/monni-cavalli.jpg","jetpack_sharing_enabled":true,"_links":{"self":[{"href":"https:\/\/www.gruppopdregionetoscana.it\/web\/wp-json\/wp\/v2\/posts\/11266","targetHints":{"allow":["GET"]}}],"collection":[{"href":"https:\/\/www.gruppopdregionetoscana.it\/web\/wp-json\/wp\/v2\/posts"}],"about":[{"href":"https:\/\/www.gruppopdregionetoscana.it\/web\/wp-json\/wp\/v2\/types\/post"}],"author":[{"embeddable":true,"href":"https:\/\/www.gruppopdregionetoscana.it\/web\/wp-json\/wp\/v2\/users\/1"}],"replies":[{"embeddable":true,"href":"https:\/\/www.gruppopdregionetoscana.it\/web\/wp-json\/wp\/v2\/comments?post=11266"}],"version-history":[{"count":0,"href":"https:\/\/www.gruppopdregionetoscana.it\/web\/wp-json\/wp\/v2\/posts\/11266\/revisions"}],"wp:featuredmedia":[{"embeddable":true,"href":"https:\/\/www.gruppopdregionetoscana.it\/web\/wp-json\/wp\/v2\/media\/11269"}],"wp:attachment":[{"href":"https:\/\/www.gruppopdregionetoscana.it\/web\/wp-json\/wp\/v2\/media?parent=11266"}],"wp:term":[{"taxonomy":"category","embeddable":true,"href":"https:\/\/www.gruppopdregionetoscana.it\/web\/wp-json\/wp\/v2\/categories?post=11266"},{"taxonomy":"post_tag","embeddable":true,"href":"https:\/\/www.gruppopdregionetoscana.it\/web\/wp-json\/wp\/v2\/tags?post=11266"}],"curies":[{"name":"wp","href":"https:\/\/api.w.org\/{rel}","templated":true}]}}