{"id":12103,"date":"2016-02-03T17:17:21","date_gmt":"2016-02-03T16:17:21","guid":{"rendered":"http:\/\/www.gruppopdregionetoscana.it\/web\/?p=12103"},"modified":"2016-02-03T17:17:21","modified_gmt":"2016-02-03T16:17:21","slug":"ungulati-niccolai-pd-legge-punto-di-equilibrio-avevamo-dovere-di-dare-risposte-ai-cittadini","status":"publish","type":"post","link":"https:\/\/www.gruppopdregionetoscana.it\/web\/ungulati-niccolai-pd-legge-punto-di-equilibrio-avevamo-dovere-di-dare-risposte-ai-cittadini\/","title":{"rendered":"Ungulati, Niccolai (Pd): \u201cLegge punto di equilibrio, avevamo dovere di dare risposte ai cittadini\u201d"},"content":{"rendered":"<p><em><img loading=\"lazy\" decoding=\"async\" class=\"alignleft size-medium wp-image-11595\" src=\"http:\/\/www.gruppopdregionetoscana.it\/web\/wp-content\/uploads\/2015\/12\/Niccolai-al-gruppo-300x200.jpg\" alt=\"Niccolai al gruppo\" width=\"300\" height=\"200\" srcset=\"https:\/\/www.gruppopdregionetoscana.it\/web\/wp-content\/uploads\/2015\/12\/Niccolai-al-gruppo-300x200.jpg 300w, https:\/\/www.gruppopdregionetoscana.it\/web\/wp-content\/uploads\/2015\/12\/Niccolai-al-gruppo.jpg 1000w\" sizes=\"auto, (max-width: 300px) 100vw, 300px\" \/>Il consigliere regionale Pd componente della II commissione a Palazzo Panciatichi commenta l\u2019approvazione della legge obiettivo per la gestione degli ungulati in Toscana.<br \/>\n<\/em><\/p>\n<p>\u201cUn tema di fronte al quale la politica non poteva girarsi dall\u2019altra parte ma su cui aveva il dovere di dare delle risposte: \u00e8 quello che abbiamo provato a fare con questa legge, in modo equilibrato e senza derubricare la questione a mera propaganda. Un provvedimento atteso anche dal territorio pistoiese, dove la problematica si presenta al pari di altre zone della Regione&#8221;. Cos\u00ec <strong>Marco Niccolai<\/strong>, consigliere regionale Pd e componente II commissione, in merito alla legge obiettivo per la gestione degli ungulati in Toscana, approvata oggi dall\u2019assemblea toscana.<\/p>\n<p>\u201cParliamo di una problematica ormai sotto gli occhi di tutti, non solo di cacciatori o di agricoltori, in primis coinvolti, ma anche dei cittadini tutti, si veda la questione degli incidenti stradali.\u00a0 \u2013 prosegue Niccolai \u2013 Se infatti prima le difficolt\u00e0 riguardavano prevalentemente aree rurali ora la presenza di ungulati \u00e8 anche in aree periurbane, desta quindi preoccupazione a tutti, in una regione come la nostra che, abbiamo pi\u00f9 volte ricordato, detiene il record nazionale su questo. Questo provvedimento \u00e8 il risultato di un lavoro accurato che tiene di conto di ogni istanza, grazie alla sensibilit\u00e0 mostrata dalla Commissione a ascoltare tutti, senza cadere nel derby dei populismi, in cui purtroppo ho visto sfidarsi buona parte dell\u2019opposizione a Palazzo Panciatichi&#8221;.<\/p>\n<p>&#8220;I risultati di questo lavoro si vedono: in commissione abbiamo voluto che il tema della prevenzione dei danni all&#8217;agricoltura fosse ancora pi\u00f9 centrale nella predisposizione dei piani di intervento, nella definizione del calendario venatorio e del monitoraggio sugli effetti della legge. Sono state inserite anche le aree potenzialmente danneggiabili e quelle potenzialmente coltivabili da rimettere a coltura come aree non vocate alla presenza di ungulati. Chi parla di \u2018deregulation\u2019 basta che si legga il testo della legge: ISPRA \u00e8 citata ben 8 volte, non come appunto da mettere al bavero dalla giacca ma a testimoniare la partecipazione concreta e ben attestata di un ente che svolge ruolo di garanzia rispetto alla biodiversit\u00e0, chiamato ad esprimere pareri essenziali rispetto agli atti previsti dalla normativa. Ogni anno verificheremo questa legge, faremo il \u2018tagliando\u2019 per capire se abbiamo raggiunto gli obiettivi preposti. L\u2019attenzione a ci\u00f2 che sta a cuore dei cittadini \u00e8 una priorit\u00e0 della politica, questa legge ne \u00e8 la dimostrazione\u201d.<\/p>\n","protected":false},"excerpt":{"rendered":"<p>Il consigliere regionale Pd componente della II commissione a Palazzo Panciatichi commenta l\u2019approvazione della legge obiettivo per la gestione degli ungulati in Toscana. \u201cUn tema di fronte al quale la politica non poteva girarsi dall\u2019altra parte ma su cui aveva il dovere di dare delle risposte: \u00e8 quello che abbiamo provato a fare con questa [&hellip;]<\/p>\n","protected":false},"author":1,"featured_media":12106,"comment_status":"closed","ping_status":"closed","sticky":false,"template":"","format":"standard","meta":{"_jetpack_memberships_contains_paid_content":false,"footnotes":""},"categories":[30,969],"tags":[70,312,1020],"class_list":{"0":"post-12103","1":"post","2":"type-post","3":"status-publish","4":"format-standard","5":"has-post-thumbnail","7":"category-comunicati-stampa","8":"category-marco-niccolai","9":"tag-legge","10":"tag-regione-toscana","11":"tag-ungulati","12":"czr-hentry"},"jetpack_featured_media_url":"https:\/\/www.gruppopdregionetoscana.it\/web\/wp-content\/uploads\/2016\/02\/danni-cinghiali-mais-1.jpg","jetpack_sharing_enabled":true,"_links":{"self":[{"href":"https:\/\/www.gruppopdregionetoscana.it\/web\/wp-json\/wp\/v2\/posts\/12103","targetHints":{"allow":["GET"]}}],"collection":[{"href":"https:\/\/www.gruppopdregionetoscana.it\/web\/wp-json\/wp\/v2\/posts"}],"about":[{"href":"https:\/\/www.gruppopdregionetoscana.it\/web\/wp-json\/wp\/v2\/types\/post"}],"author":[{"embeddable":true,"href":"https:\/\/www.gruppopdregionetoscana.it\/web\/wp-json\/wp\/v2\/users\/1"}],"replies":[{"embeddable":true,"href":"https:\/\/www.gruppopdregionetoscana.it\/web\/wp-json\/wp\/v2\/comments?post=12103"}],"version-history":[{"count":0,"href":"https:\/\/www.gruppopdregionetoscana.it\/web\/wp-json\/wp\/v2\/posts\/12103\/revisions"}],"wp:featuredmedia":[{"embeddable":true,"href":"https:\/\/www.gruppopdregionetoscana.it\/web\/wp-json\/wp\/v2\/media\/12106"}],"wp:attachment":[{"href":"https:\/\/www.gruppopdregionetoscana.it\/web\/wp-json\/wp\/v2\/media?parent=12103"}],"wp:term":[{"taxonomy":"category","embeddable":true,"href":"https:\/\/www.gruppopdregionetoscana.it\/web\/wp-json\/wp\/v2\/categories?post=12103"},{"taxonomy":"post_tag","embeddable":true,"href":"https:\/\/www.gruppopdregionetoscana.it\/web\/wp-json\/wp\/v2\/tags?post=12103"}],"curies":[{"name":"wp","href":"https:\/\/api.w.org\/{rel}","templated":true}]}}