{"id":12122,"date":"2016-02-04T14:24:53","date_gmt":"2016-02-04T13:24:53","guid":{"rendered":"http:\/\/www.gruppopdregionetoscana.it\/web\/?p=12122"},"modified":"2016-02-04T14:24:53","modified_gmt":"2016-02-04T13:24:53","slug":"pronto-soccorso-stefano-baccelli-istituire-percorsi-prioritari-per-i-disabili","status":"publish","type":"post","link":"https:\/\/www.gruppopdregionetoscana.it\/web\/pronto-soccorso-stefano-baccelli-istituire-percorsi-prioritari-per-i-disabili\/","title":{"rendered":"Pronto Soccorso, Stefano Baccelli: \u201cIstituire percorsi prioritari per i disabili\u201d"},"content":{"rendered":"<p><strong>Presentata una mozione firmata da 14 consiglieri democratici<\/strong><\/p>\n<p><img loading=\"lazy\" decoding=\"async\" class=\"alignleft size-medium wp-image-10601\" src=\"http:\/\/www.gruppopdregionetoscana.it\/web\/wp-content\/uploads\/2015\/09\/baccelli-200x300.jpg\" alt=\"baccelli\" width=\"200\" height=\"300\" srcset=\"https:\/\/www.gruppopdregionetoscana.it\/web\/wp-content\/uploads\/2015\/09\/baccelli-200x300.jpg 200w, https:\/\/www.gruppopdregionetoscana.it\/web\/wp-content\/uploads\/2015\/09\/baccelli.jpg 267w\" sizes=\"auto, (max-width: 200px) 100vw, 200px\" \/>FIRENZE 04.02.2016 \u2013 Percorsi di accesso prioritario dedicati alle persone con handicap e disabilit\u00e0 nei Pronti Soccorso della Toscana. Questo l\u2019obiettivo di una mozione presentata oggi dal consigliere regionale del Pd, <strong>Stefano Baccelli<\/strong> e firmata anche dal capogruppo, <strong>Leonardo Marras<\/strong>, dal presidente della commissione sanit\u00e0, <strong>Stefano Scaramelli<\/strong> e da altri 11 consiglieri democratici.<\/p>\n<p>\u00abSi tratta di fare un ulteriore passo avanti nel riconoscimento dei diritti dei cittadini svantaggiati da disabilit\u00e0 fisica o mentale \u2013 spiega Baccelli \u2013 L\u2019attuale organizzazione dei presidi ospedalieri per quanto riguarda i punti di emergenza-urgenza, prevede che le priorit\u00e0 di accesso al servizio siano decise dagli infermieri. Certo, \u00e8 importante fare in modo che il servizio di pronto soccorso diventi pi\u00f9 rapido ed efficace per tutti, e bene ha fatto la Regione, gi\u00e0 da tempo, ad istituire un Osservatorio permanente proprio sul sistema di emergenza-urgenza. Ma recentemente, proprio l\u2019assessore regionale Stefania Saccardi \u2013 ricorda Baccelli \u2013 ha parlato della \u201csfida di creare percorsi specifici per anziani e disabili\u201d, cogliendo un punto secondo me fondamentale. Attendere per ore il proprio turno al pronto soccorso, per una persona disabile, pu\u00f2 essere un trauma che si aggiunge a una condizione di disagio permanente. Le regole che stanno alla base dell\u2019accesso al servizio possono essere percepite come un ulteriore ostacolo all\u2019inclusione sociale. E\u2019 una questione sollevata anche da alcune importanti associazioni \u2013 continua Baccelli \u2013 che, come nel caso di Lucca, hanno avviato contatti in questo senso con l\u2019azienda sanitaria. Credo quindi che insieme al lavoro in corso per far funzionare meglio i pronti soccorso per tutti, vada recepita questa istanza di civilt\u00e0, avviando uno studio complessivo, avvalendosi dell\u2019Osservatorio permanente, con il contributo delle associazioni di volontariato, per capire se ci siano, come auspico, le condizioni per istituire percorsi di accesso prioritario alle persone con handicap e disabilit\u00e0\u00bb.<\/p>\n","protected":false},"excerpt":{"rendered":"<p>Presentata una mozione firmata da 14 consiglieri democratici FIRENZE 04.02.2016 \u2013 Percorsi di accesso prioritario dedicati alle persone con handicap e disabilit\u00e0 nei Pronti Soccorso della Toscana. Questo l\u2019obiettivo di una mozione presentata oggi dal consigliere regionale del Pd, Stefano Baccelli e firmata anche dal capogruppo, Leonardo Marras, dal presidente della commissione sanit\u00e0, Stefano Scaramelli [&hellip;]<\/p>\n","protected":false},"author":1,"featured_media":12123,"comment_status":"closed","ping_status":"closed","sticky":false,"template":"","format":"standard","meta":{"_jetpack_memberships_contains_paid_content":false,"footnotes":""},"categories":[30,124,958],"tags":[101],"class_list":{"0":"post-12122","1":"post","2":"type-post","3":"status-publish","4":"format-standard","5":"has-post-thumbnail","7":"category-comunicati-stampa","8":"category-propmozioni","9":"category-stefano-baccelli","10":"tag-sanita","11":"czr-hentry"},"jetpack_featured_media_url":"https:\/\/www.gruppopdregionetoscana.it\/web\/wp-content\/uploads\/2016\/02\/baccelli.jpg","jetpack_sharing_enabled":true,"_links":{"self":[{"href":"https:\/\/www.gruppopdregionetoscana.it\/web\/wp-json\/wp\/v2\/posts\/12122","targetHints":{"allow":["GET"]}}],"collection":[{"href":"https:\/\/www.gruppopdregionetoscana.it\/web\/wp-json\/wp\/v2\/posts"}],"about":[{"href":"https:\/\/www.gruppopdregionetoscana.it\/web\/wp-json\/wp\/v2\/types\/post"}],"author":[{"embeddable":true,"href":"https:\/\/www.gruppopdregionetoscana.it\/web\/wp-json\/wp\/v2\/users\/1"}],"replies":[{"embeddable":true,"href":"https:\/\/www.gruppopdregionetoscana.it\/web\/wp-json\/wp\/v2\/comments?post=12122"}],"version-history":[{"count":0,"href":"https:\/\/www.gruppopdregionetoscana.it\/web\/wp-json\/wp\/v2\/posts\/12122\/revisions"}],"wp:featuredmedia":[{"embeddable":true,"href":"https:\/\/www.gruppopdregionetoscana.it\/web\/wp-json\/wp\/v2\/media\/12123"}],"wp:attachment":[{"href":"https:\/\/www.gruppopdregionetoscana.it\/web\/wp-json\/wp\/v2\/media?parent=12122"}],"wp:term":[{"taxonomy":"category","embeddable":true,"href":"https:\/\/www.gruppopdregionetoscana.it\/web\/wp-json\/wp\/v2\/categories?post=12122"},{"taxonomy":"post_tag","embeddable":true,"href":"https:\/\/www.gruppopdregionetoscana.it\/web\/wp-json\/wp\/v2\/tags?post=12122"}],"curies":[{"name":"wp","href":"https:\/\/api.w.org\/{rel}","templated":true}]}}