{"id":12132,"date":"2016-02-04T15:52:47","date_gmt":"2016-02-04T14:52:47","guid":{"rendered":"http:\/\/www.gruppopdregionetoscana.it\/web\/?p=12132"},"modified":"2016-02-04T15:52:47","modified_gmt":"2016-02-04T14:52:47","slug":"meningite-scaramelli-pd-vaccino-gratuito-fino-a-45-anni-in-tutta-la-toscana-promessa-mantenuta","status":"publish","type":"post","link":"https:\/\/www.gruppopdregionetoscana.it\/web\/meningite-scaramelli-pd-vaccino-gratuito-fino-a-45-anni-in-tutta-la-toscana-promessa-mantenuta\/","title":{"rendered":"Meningite, Scaramelli (Pd): &#8220;Vaccino gratuito fino a 45 anni in tutta la Toscana. Promessa mantenuta&#8221;."},"content":{"rendered":"<p><em>Anche il presidente <img loading=\"lazy\" decoding=\"async\" class=\"alignleft size-medium wp-image-12133\" src=\"http:\/\/www.gruppopdregionetoscana.it\/web\/wp-content\/uploads\/2016\/02\/vaccino-meningococco-300x194.jpg\" alt=\"vaccino meningococco\" width=\"300\" height=\"194\" srcset=\"https:\/\/www.gruppopdregionetoscana.it\/web\/wp-content\/uploads\/2016\/02\/vaccino-meningococco-300x194.jpg 300w, https:\/\/www.gruppopdregionetoscana.it\/web\/wp-content\/uploads\/2016\/02\/vaccino-meningococco.jpg 680w\" sizes=\"auto, (max-width: 300px) 100vw, 300px\" \/>della commissione Sanit\u00e0 Stefano Scaramelli nei prossimi giorni si vacciner\u00e0 dal proprio medico di famiglia. <\/em><\/p>\n<p>\u201cL\u2019estensione della vaccinazione gratuita contro la meningite fino a 45 anni in tutta la Toscana \u00e8 una promessa mantenuta. Ed \u00e8 soprattutto una risposta importante, anche a fronte degli ultimi casi, che con i due di oggi a Prato a Firenze salgono a 10 dall&#8217;inizio dell&#8217;anno. Questo purtroppo ci dimostra come nonostante l&#8217;impegno straordinario della Regione Toscana, che dall&#8217;inizio della campagna nell&#8217;aprile scorso ha gi\u00e0 investito oltre 10 milioni di euro, ci sia ancora molto da combattere contro questa epidemia. E l&#8217;unico modo per farlo \u00e8 la vaccinazione&#8221; &#8211; <strong>dichiara Stefano Scaramelli (Pd)<\/strong>, presidente della commissione Sanit\u00e0 in Consiglio regionale, commentando la delibera con cui la Regione Toscana, con un impegno di 500.000 euro, ha <strong>esteso anche alle province di Livorno e Siena gli interventi di profilassi straordinaria.<\/strong><\/p>\n<p>\u201cL\u2019offerta gratuita della vaccinazione antimeningococco C, alle persone tra 20 e 45 anni, viene estesa anche a Siena a Livorno. Nonostante finora non si siano verificati casi di meningite, la profilassi vaccinale, infatti, \u00e8 la misura pi\u00f9 efficace per ridurre il rischio di diffusione dell&#8217;infezione batterica. Tutelare la salute pubblica significa assicurare la pi\u00f9 ampia\u00a0 protezione possibile in tutto il territorio e, in tal senso, gli spostamenti frequenti dei cittadini rendono indispensabile l\u2019estensione della vaccinazione in tutta la regione&#8221; &#8211; <strong>prosegue Scaramelli (Pd).<\/strong><br \/>\n&#8220;A Siena il vaccino \u00e8 disponibile presso il presidio del Ruffolo, e nelle farmacie di Nottola e di Campostaggia. Basta prenotarsi tramite il Cup per potersi vaccinare nei distretti o nei plessi ospedalieri. Da ieri, inoltre, \u00e8 possibile vaccinarsi gratuitamente anche presso i medici di famiglia che hanno aderito alla campagna di vaccinazione della Regione. Anch&#8217;io nei prossimi giorni effettuer\u00f2 il vaccino direttamente dal mio medico, e invito tutti a farlo, anche gli over 45, che possono vaccinarsi pagando un ticket di partecipazione alla spesa di 58 euro. E&#8217; davvero importante farlo, perch\u00e9 la vaccinazione \u00e8 un atto di protezione verso s\u00e8 stessi, ma anche verso la collettivit\u00e0, dato che va a ridurre la circolazione del batterio&#8221; \u00a0&#8211; <strong>conclude Stefano Scaramelli (Pd). <\/strong><\/p>\n","protected":false},"excerpt":{"rendered":"<p>Anche il presidente della commissione Sanit\u00e0 Stefano Scaramelli nei prossimi giorni si vacciner\u00e0 dal proprio medico di famiglia. \u201cL\u2019estensione della vaccinazione gratuita contro la meningite fino a 45 anni in tutta la Toscana \u00e8 una promessa mantenuta. Ed \u00e8 soprattutto una risposta importante, anche a fronte degli ultimi casi, che con i due di oggi [&hellip;]<\/p>\n","protected":false},"author":1,"featured_media":12133,"comment_status":"closed","ping_status":"closed","sticky":false,"template":"","format":"standard","meta":{"_jetpack_memberships_contains_paid_content":false,"footnotes":""},"categories":[30,971],"tags":[33,1168,1236,35,244,36,1237,1165],"class_list":{"0":"post-12132","1":"post","2":"type-post","3":"status-publish","4":"format-standard","5":"has-post-thumbnail","7":"category-comunicati-stampa","8":"category-stefano-scaramelli","9":"tag-livorno","10":"tag-meningite","11":"tag-meningococco","12":"tag-regione","13":"tag-siena","14":"tag-toscana","15":"tag-vaccinazione","16":"tag-vaccino","17":"czr-hentry"},"jetpack_featured_media_url":"https:\/\/www.gruppopdregionetoscana.it\/web\/wp-content\/uploads\/2016\/02\/vaccino-meningococco.jpg","jetpack_sharing_enabled":true,"_links":{"self":[{"href":"https:\/\/www.gruppopdregionetoscana.it\/web\/wp-json\/wp\/v2\/posts\/12132","targetHints":{"allow":["GET"]}}],"collection":[{"href":"https:\/\/www.gruppopdregionetoscana.it\/web\/wp-json\/wp\/v2\/posts"}],"about":[{"href":"https:\/\/www.gruppopdregionetoscana.it\/web\/wp-json\/wp\/v2\/types\/post"}],"author":[{"embeddable":true,"href":"https:\/\/www.gruppopdregionetoscana.it\/web\/wp-json\/wp\/v2\/users\/1"}],"replies":[{"embeddable":true,"href":"https:\/\/www.gruppopdregionetoscana.it\/web\/wp-json\/wp\/v2\/comments?post=12132"}],"version-history":[{"count":0,"href":"https:\/\/www.gruppopdregionetoscana.it\/web\/wp-json\/wp\/v2\/posts\/12132\/revisions"}],"wp:featuredmedia":[{"embeddable":true,"href":"https:\/\/www.gruppopdregionetoscana.it\/web\/wp-json\/wp\/v2\/media\/12133"}],"wp:attachment":[{"href":"https:\/\/www.gruppopdregionetoscana.it\/web\/wp-json\/wp\/v2\/media?parent=12132"}],"wp:term":[{"taxonomy":"category","embeddable":true,"href":"https:\/\/www.gruppopdregionetoscana.it\/web\/wp-json\/wp\/v2\/categories?post=12132"},{"taxonomy":"post_tag","embeddable":true,"href":"https:\/\/www.gruppopdregionetoscana.it\/web\/wp-json\/wp\/v2\/tags?post=12132"}],"curies":[{"name":"wp","href":"https:\/\/api.w.org\/{rel}","templated":true}]}}