{"id":12135,"date":"2016-02-04T16:35:20","date_gmt":"2016-02-04T15:35:20","guid":{"rendered":"http:\/\/www.gruppopdregionetoscana.it\/web\/?p=12135"},"modified":"2016-02-04T16:35:20","modified_gmt":"2016-02-04T15:35:20","slug":"pisa-violenze-allasilo-mazzeo-pd-sdegno-e-rabbia-un-grazie-a-chi-ha-denunciato-e-ai-carabinieri","status":"publish","type":"post","link":"https:\/\/www.gruppopdregionetoscana.it\/web\/pisa-violenze-allasilo-mazzeo-pd-sdegno-e-rabbia-un-grazie-a-chi-ha-denunciato-e-ai-carabinieri\/","title":{"rendered":"Pisa, violenze all&#8217;asilo. Mazzeo (Pd): &#8220;Sdegno e rabbia. Un grazie a chi ha denunciato e ai Carabinieri&#8221;"},"content":{"rendered":"<p><em><img loading=\"lazy\" decoding=\"async\" class=\"alignleft size-medium wp-image-12136\" src=\"http:\/\/www.gruppopdregionetoscana.it\/web\/wp-content\/uploads\/2016\/02\/mazzeo-3-300x235.jpg\" alt=\"mazzeo 3\" width=\"300\" height=\"235\" srcset=\"https:\/\/www.gruppopdregionetoscana.it\/web\/wp-content\/uploads\/2016\/02\/mazzeo-3-300x235.jpg 300w, https:\/\/www.gruppopdregionetoscana.it\/web\/wp-content\/uploads\/2016\/02\/mazzeo-3.jpg 320w\" sizes=\"auto, (max-width: 300px) 100vw, 300px\" \/>Il consigliere regionale Pd Antonio Mazzeo sull&#8217;arresto della maestra pisana. \u00a0\u00a0<\/em><\/p>\n<p>\u201cQuelle che abbiamo visto oggi sono immagini che lasciano incredulit\u00e0, sdegno e rabbia. Non ci sono e non ci possono essere giustificazioni. N\u00e9 per chi li compie, n\u00e9 per chi si volta dall&#8217;altra parte e fa finta di non vedere. Affidare i propri figli a un nido e alle educatrici e agli educatori che ci lavorano significa per una famiglia riporre in loro una fiducia totale. Tradirla in questo modo \u00e8 vergognoso e inaccettabile\u201d.<\/p>\n<p>Cos\u00ec <strong>Antonio Mazzeo<\/strong>, consigliere regionale PD, sulla vicenda della educatrice di un asilo nido di Pisa arrestata con l\u2019accusa di maltrattamenti.<\/p>\n<p>\u201cVoglio ringraziare \u2013 <strong>ha proseguito Mazzeo<\/strong> \u2013 chi ha avuto il coraggio di denunciare quello che stava accadendo ed ha permesso ai carabinieri di svolgere velocemente le indagini nell\u2019interesse dei bambini e delle loro famiglie. Un pensiero, poi, a quelle educatrici e quegli educatori che, giorno dopo giorno, anno dopo anno, svolgono con competenza, passione e affetto per i bambini il loro lavoro e il cui ruolo non deve essere infangato da vicende come questa. Ora la giustizia faccia presto e bene il suo corso e punisca, come doveroso, le responsabilit\u00e0 che emergeranno\u201d.<\/p>\n<p>&nbsp;<\/p>\n","protected":false},"excerpt":{"rendered":"<p>Il consigliere regionale Pd Antonio Mazzeo sull&#8217;arresto della maestra pisana. \u00a0\u00a0 \u201cQuelle che abbiamo visto oggi sono immagini che lasciano incredulit\u00e0, sdegno e rabbia. Non ci sono e non ci possono essere giustificazioni. N\u00e9 per chi li compie, n\u00e9 per chi si volta dall&#8217;altra parte e fa finta di non vedere. Affidare i propri figli [&hellip;]<\/p>\n","protected":false},"author":1,"featured_media":12137,"comment_status":"closed","ping_status":"closed","sticky":false,"template":"","format":"standard","meta":{"_jetpack_memberships_contains_paid_content":false,"footnotes":""},"categories":[966,30],"tags":[1240,1239,180,1238],"class_list":{"0":"post-12135","1":"post","2":"type-post","3":"status-publish","4":"format-standard","5":"has-post-thumbnail","7":"category-antonio-mazzeo","8":"category-comunicati-stampa","9":"tag-asilo-nido","10":"tag-maltrattamenti","11":"tag-pisa","12":"tag-violenze","13":"czr-hentry"},"jetpack_featured_media_url":"https:\/\/www.gruppopdregionetoscana.it\/web\/wp-content\/uploads\/2016\/02\/pisa-maltrattamenti-bambini-2.jpg","jetpack_sharing_enabled":true,"_links":{"self":[{"href":"https:\/\/www.gruppopdregionetoscana.it\/web\/wp-json\/wp\/v2\/posts\/12135","targetHints":{"allow":["GET"]}}],"collection":[{"href":"https:\/\/www.gruppopdregionetoscana.it\/web\/wp-json\/wp\/v2\/posts"}],"about":[{"href":"https:\/\/www.gruppopdregionetoscana.it\/web\/wp-json\/wp\/v2\/types\/post"}],"author":[{"embeddable":true,"href":"https:\/\/www.gruppopdregionetoscana.it\/web\/wp-json\/wp\/v2\/users\/1"}],"replies":[{"embeddable":true,"href":"https:\/\/www.gruppopdregionetoscana.it\/web\/wp-json\/wp\/v2\/comments?post=12135"}],"version-history":[{"count":0,"href":"https:\/\/www.gruppopdregionetoscana.it\/web\/wp-json\/wp\/v2\/posts\/12135\/revisions"}],"wp:featuredmedia":[{"embeddable":true,"href":"https:\/\/www.gruppopdregionetoscana.it\/web\/wp-json\/wp\/v2\/media\/12137"}],"wp:attachment":[{"href":"https:\/\/www.gruppopdregionetoscana.it\/web\/wp-json\/wp\/v2\/media?parent=12135"}],"wp:term":[{"taxonomy":"category","embeddable":true,"href":"https:\/\/www.gruppopdregionetoscana.it\/web\/wp-json\/wp\/v2\/categories?post=12135"},{"taxonomy":"post_tag","embeddable":true,"href":"https:\/\/www.gruppopdregionetoscana.it\/web\/wp-json\/wp\/v2\/tags?post=12135"}],"curies":[{"name":"wp","href":"https:\/\/api.w.org\/{rel}","templated":true}]}}