{"id":12139,"date":"2016-02-05T14:30:38","date_gmt":"2016-02-05T13:30:38","guid":{"rendered":"http:\/\/www.gruppopdregionetoscana.it\/web\/?p=12139"},"modified":"2016-02-05T14:30:38","modified_gmt":"2016-02-05T13:30:38","slug":"meningite-il-presidente-della-commissione-sanita-si-e-vaccinato-questa-mattina-a-chiusi","status":"publish","type":"post","link":"https:\/\/www.gruppopdregionetoscana.it\/web\/meningite-il-presidente-della-commissione-sanita-si-e-vaccinato-questa-mattina-a-chiusi\/","title":{"rendered":"Meningite, il presidente della commissione sanit\u00e0 si \u00e8 vaccinato questa mattina a Chiusi."},"content":{"rendered":"<p><em><img loading=\"lazy\" decoding=\"async\" class=\"alignleft size-medium wp-image-12140\" src=\"http:\/\/www.gruppopdregionetoscana.it\/web\/wp-content\/uploads\/2016\/02\/vaccino-scara-2-300x200.jpg\" alt=\"vaccino scara 2\" width=\"300\" height=\"200\" srcset=\"https:\/\/www.gruppopdregionetoscana.it\/web\/wp-content\/uploads\/2016\/02\/vaccino-scara-2-300x200.jpg 300w, https:\/\/www.gruppopdregionetoscana.it\/web\/wp-content\/uploads\/2016\/02\/vaccino-scara-2-768x513.jpg 768w, https:\/\/www.gruppopdregionetoscana.it\/web\/wp-content\/uploads\/2016\/02\/vaccino-scara-2-1024x684.jpg 1024w, https:\/\/www.gruppopdregionetoscana.it\/web\/wp-content\/uploads\/2016\/02\/vaccino-scara-2.jpg 1920w\" sizes=\"auto, (max-width: 300px) 100vw, 300px\" \/>Scaramelli: \u201cVacciniamoci tutti: rapido, indolore e gratis per gli under 45\u201d.<\/em><\/p>\n<p>Come aveva annunciato ieri, il presidente della commissione sanit\u00e0 del Consiglio regionale della Toscana, <strong>Stefano Scaramelli<\/strong>, questa mattina si \u00e8 recato al Centro Medico di Chiusi Scalo dalla dottoressa Catia Del Buono per sottoporsi alla vaccinazione anti meningite.<\/p>\n<p>&#8220;Ho meno di 40 anni <strong>\u2013 spiega Scaramelli \u2013<\/strong> e sono quindi nella fascia di et\u00e0 pi\u00f9 a rischio, ma dopo gli ultimi casi del manifestarsi della malattia anche tra persone anziane, invito tutti a farlo, anche gli over 45, che possono vaccinarsi pagando un ticket di partecipazione alla spesa di 58 euro. E&#8217; davvero importante farlo, perch\u00e9 la vaccinazione \u00e8 un atto di protezione verso s\u00e9 stessi, ma anche verso la collettivit\u00e0, consentendo di ridurre la circolazione del batterio. Oltretutto \u00e8 rapido, indolore e per gli under 45 anche gratuito&#8221;.<\/p>\n<p>&#8220;La recente estensione a tutto il territorio regionale degli interventi di profilassi anti meningite <strong>\u2013 ribadisce Scaramelli \u2013<\/strong> \u00e8 un fatto molto positivo, che va accompagnato con uno sforzo organizzativo massiccio da parte delle aziende sanitarie e finanziario da parte della Regione, che per\u00f2 non pu\u00f2 rimanere sola in questa battaglia. Mi attiver\u00f2, anche attraverso l\u2019iniziativa del Consiglio regionale, affinch\u00e9 il ministero possa fornire tutti i contributi richiesti. L\u2019impegno straordinario della Toscana a fronte di questa drammatica emergenza non si discute <strong>\u2013 conclude Scaramelli \u2013<\/strong> I cittadini stanno rispondendo in massa, ma facciamo in modo che i vaccini ci siano per tutti&#8221;.<\/p>\n","protected":false},"excerpt":{"rendered":"<p>Scaramelli: \u201cVacciniamoci tutti: rapido, indolore e gratis per gli under 45\u201d. Come aveva annunciato ieri, il presidente della commissione sanit\u00e0 del Consiglio regionale della Toscana, Stefano Scaramelli, questa mattina si \u00e8 recato al Centro Medico di Chiusi Scalo dalla dottoressa Catia Del Buono per sottoporsi alla vaccinazione anti meningite. &#8220;Ho meno di 40 anni \u2013 [&hellip;]<\/p>\n","protected":false},"author":1,"featured_media":12141,"comment_status":"closed","ping_status":"closed","sticky":false,"template":"","format":"standard","meta":{"_jetpack_memberships_contains_paid_content":false,"footnotes":""},"categories":[30,971],"tags":[1168,101,36,1165],"class_list":{"0":"post-12139","1":"post","2":"type-post","3":"status-publish","4":"format-standard","5":"has-post-thumbnail","7":"category-comunicati-stampa","8":"category-stefano-scaramelli","9":"tag-meningite","10":"tag-sanita","11":"tag-toscana","12":"tag-vaccino","13":"czr-hentry"},"jetpack_featured_media_url":"https:\/\/www.gruppopdregionetoscana.it\/web\/wp-content\/uploads\/2016\/02\/vaccino-scara.jpg","jetpack_sharing_enabled":true,"_links":{"self":[{"href":"https:\/\/www.gruppopdregionetoscana.it\/web\/wp-json\/wp\/v2\/posts\/12139","targetHints":{"allow":["GET"]}}],"collection":[{"href":"https:\/\/www.gruppopdregionetoscana.it\/web\/wp-json\/wp\/v2\/posts"}],"about":[{"href":"https:\/\/www.gruppopdregionetoscana.it\/web\/wp-json\/wp\/v2\/types\/post"}],"author":[{"embeddable":true,"href":"https:\/\/www.gruppopdregionetoscana.it\/web\/wp-json\/wp\/v2\/users\/1"}],"replies":[{"embeddable":true,"href":"https:\/\/www.gruppopdregionetoscana.it\/web\/wp-json\/wp\/v2\/comments?post=12139"}],"version-history":[{"count":0,"href":"https:\/\/www.gruppopdregionetoscana.it\/web\/wp-json\/wp\/v2\/posts\/12139\/revisions"}],"wp:featuredmedia":[{"embeddable":true,"href":"https:\/\/www.gruppopdregionetoscana.it\/web\/wp-json\/wp\/v2\/media\/12141"}],"wp:attachment":[{"href":"https:\/\/www.gruppopdregionetoscana.it\/web\/wp-json\/wp\/v2\/media?parent=12139"}],"wp:term":[{"taxonomy":"category","embeddable":true,"href":"https:\/\/www.gruppopdregionetoscana.it\/web\/wp-json\/wp\/v2\/categories?post=12139"},{"taxonomy":"post_tag","embeddable":true,"href":"https:\/\/www.gruppopdregionetoscana.it\/web\/wp-json\/wp\/v2\/tags?post=12139"}],"curies":[{"name":"wp","href":"https:\/\/api.w.org\/{rel}","templated":true}]}}