{"id":12305,"date":"2016-02-19T15:24:35","date_gmt":"2016-02-19T14:24:35","guid":{"rendered":"http:\/\/www.gruppopdregionetoscana.it\/web\/?p=12305"},"modified":"2016-02-19T15:24:35","modified_gmt":"2016-02-19T14:24:35","slug":"cultura-lunedi-a-prato-lassessore-regionale-monica-barni-organizzato-da-ilaria-bugetti-un-tour-di-visite-ed-incontri","status":"publish","type":"post","link":"https:\/\/www.gruppopdregionetoscana.it\/web\/cultura-lunedi-a-prato-lassessore-regionale-monica-barni-organizzato-da-ilaria-bugetti-un-tour-di-visite-ed-incontri\/","title":{"rendered":"Cultura, Luned\u00ec a Prato l\u2019assessore regionale Monica Barni. Organizzato da Ilaria Bugetti un tour di visite ed incontri"},"content":{"rendered":"<p><strong>Al Pecci, a Gonfienti, al museo del Tessuto, al Metastasio e al Politeama<\/strong><\/p>\n<p><img loading=\"lazy\" decoding=\"async\" class=\"alignleft wp-image-12306 size-medium\" src=\"http:\/\/www.gruppopdregionetoscana.it\/web\/wp-content\/uploads\/2016\/02\/barni-bugetti-300x123.jpg\" alt=\"barni-bugetti\" width=\"300\" height=\"123\" srcset=\"https:\/\/www.gruppopdregionetoscana.it\/web\/wp-content\/uploads\/2016\/02\/barni-bugetti-300x123.jpg 300w, https:\/\/www.gruppopdregionetoscana.it\/web\/wp-content\/uploads\/2016\/02\/barni-bugetti.jpg 900w\" sizes=\"auto, (max-width: 300px) 100vw, 300px\" \/>FIRENZE 19.02.2016 \u2013 La vicepresidente della Regione Toscana, Monica Barni, nella sua veste di assessore alla cultura, sar\u00e0 luned\u00ec 22 febbraio a Prato per fare visita ai principali siti museali e teatrali della citt\u00e0. Promotrice dell\u2019iniziativa Ilaria Bugetti, vicepresidente segretario della commissione cultura del Consiglio regionale, che ha predisposto un programma molto intenso di visite ed incontri.<\/p>\n<p>Monica Barni arriver\u00e0 a Prato alle ore 14.30 e inizier\u00e0 il suo tour dal Centro per l\u2019arte Contemporanea Luigi Pecci. Successivamente visiter\u00e0 il sito ed i reperti archeologici di Gonfienti, il museo del Tessuto, il teatro Metastasio ed il Politeama.<\/p>\n<p>\u201cE\u2019 un\u2019occasione importante \u2013 spiega <strong>Ilaria Bugetti<\/strong> &#8211; quella di poter dialogare direttamente in citt\u00e0 con la giunta regionale e ringrazio la vicepresidente Barni per aver prontamente accolto il mio invito. Penso che sia necessaria una nuova sinergia tra Prato e la Regione, un rafforzamento dei rapporti; come pure mi pare necessario dare voce alle varie esigenze delle nostre istituzioni culturali, al fine di avere una visione globale delle sfide che ci aspettano, come ad esempio quella di poter \u00absfruttare\u00bb positivamente la vicinanza a Pistoia, che com\u2019\u00e8 noto sar\u00e0 Capitale della Cultura 2017. Chiaramente \u2013 conclude Bugetti \u2013 si tratta solo di una prima tappa: stiamo infatti programmando una successiva visita con gli altri comuni della provincia\u201d.<\/p>\n<p>Al pomeriggio pratese con Barni sono stati invitati anche l\u2019assessore regionale Stefano Ciuoffo, il consigliere Nicola Ciolini, il sindaco di Prato, Matteo Biffoni e l\u2019assessore alla cultura Simone Mangani.<\/p>\n","protected":false},"excerpt":{"rendered":"<p>Al Pecci, a Gonfienti, al museo del Tessuto, al Metastasio e al Politeama FIRENZE 19.02.2016 \u2013 La vicepresidente della Regione Toscana, Monica Barni, nella sua veste di assessore alla cultura, sar\u00e0 luned\u00ec 22 febbraio a Prato per fare visita ai principali siti museali e teatrali della citt\u00e0. Promotrice dell\u2019iniziativa Ilaria Bugetti, vicepresidente segretario della commissione [&hellip;]<\/p>\n","protected":false},"author":1,"featured_media":12306,"comment_status":"closed","ping_status":"closed","sticky":false,"template":"","format":"standard","meta":{"_jetpack_memberships_contains_paid_content":false,"footnotes":""},"categories":[30,960],"tags":[535,44],"class_list":{"0":"post-12305","1":"post","2":"type-post","3":"status-publish","4":"format-standard","5":"has-post-thumbnail","7":"category-comunicati-stampa","8":"category-ilaria-bugetti","9":"tag-cultura","10":"tag-prato","11":"czr-hentry"},"jetpack_featured_media_url":"https:\/\/www.gruppopdregionetoscana.it\/web\/wp-content\/uploads\/2016\/02\/barni-bugetti.jpg","jetpack_sharing_enabled":true,"_links":{"self":[{"href":"https:\/\/www.gruppopdregionetoscana.it\/web\/wp-json\/wp\/v2\/posts\/12305","targetHints":{"allow":["GET"]}}],"collection":[{"href":"https:\/\/www.gruppopdregionetoscana.it\/web\/wp-json\/wp\/v2\/posts"}],"about":[{"href":"https:\/\/www.gruppopdregionetoscana.it\/web\/wp-json\/wp\/v2\/types\/post"}],"author":[{"embeddable":true,"href":"https:\/\/www.gruppopdregionetoscana.it\/web\/wp-json\/wp\/v2\/users\/1"}],"replies":[{"embeddable":true,"href":"https:\/\/www.gruppopdregionetoscana.it\/web\/wp-json\/wp\/v2\/comments?post=12305"}],"version-history":[{"count":0,"href":"https:\/\/www.gruppopdregionetoscana.it\/web\/wp-json\/wp\/v2\/posts\/12305\/revisions"}],"wp:featuredmedia":[{"embeddable":true,"href":"https:\/\/www.gruppopdregionetoscana.it\/web\/wp-json\/wp\/v2\/media\/12306"}],"wp:attachment":[{"href":"https:\/\/www.gruppopdregionetoscana.it\/web\/wp-json\/wp\/v2\/media?parent=12305"}],"wp:term":[{"taxonomy":"category","embeddable":true,"href":"https:\/\/www.gruppopdregionetoscana.it\/web\/wp-json\/wp\/v2\/categories?post=12305"},{"taxonomy":"post_tag","embeddable":true,"href":"https:\/\/www.gruppopdregionetoscana.it\/web\/wp-json\/wp\/v2\/tags?post=12305"}],"curies":[{"name":"wp","href":"https:\/\/api.w.org\/{rel}","templated":true}]}}