{"id":12314,"date":"2016-02-23T11:07:22","date_gmt":"2016-02-23T10:07:22","guid":{"rendered":"http:\/\/www.gruppopdregionetoscana.it\/web\/?p=12314"},"modified":"2016-02-23T11:07:22","modified_gmt":"2016-02-23T10:07:22","slug":"tpl-ceccarelli-risponde-a-interrogazione-niccolai-videosorveglianza-sui-nuovi-mezzi","status":"publish","type":"post","link":"https:\/\/www.gruppopdregionetoscana.it\/web\/tpl-ceccarelli-risponde-a-interrogazione-niccolai-videosorveglianza-sui-nuovi-mezzi\/","title":{"rendered":"Tpl, Ceccarelli risponde a interrogazione Niccolai :  \u201cVideosorveglianza sui nuovi mezzi\u201d"},"content":{"rendered":"<p><span style=\"color: #000000;\"><em><img loading=\"lazy\" decoding=\"async\" class=\"size-medium wp-image-11972 alignleft\" src=\"http:\/\/www.gruppopdregionetoscana.it\/web\/wp-content\/uploads\/2016\/01\/niccolaimarco-300x221.jpg\" alt=\"niccolaimarco\" width=\"300\" height=\"221\" srcset=\"https:\/\/www.gruppopdregionetoscana.it\/web\/wp-content\/uploads\/2016\/01\/niccolaimarco-300x221.jpg 300w, https:\/\/www.gruppopdregionetoscana.it\/web\/wp-content\/uploads\/2016\/01\/niccolaimarco-768x565.jpg 768w, https:\/\/www.gruppopdregionetoscana.it\/web\/wp-content\/uploads\/2016\/01\/niccolaimarco-220x161.jpg 220w, https:\/\/www.gruppopdregionetoscana.it\/web\/wp-content\/uploads\/2016\/01\/niccolaimarco.jpg 900w\" sizes=\"auto, (max-width: 300px) 100vw, 300px\" \/><\/em><\/span><\/p>\n<p><em>Il consigliere regionale aveva interpellato l\u2019assessore ai trasporti dopo i frequenti episodi di violenza e aggressioni sugli autobus (uno dei quali avvenuto in Valdinievole alcuni mesi fa), sollecitando impegni per \u201csoluzioni e strumenti per affrontare situazioni di criticit\u00e0\u201d, cogliendo l\u2019occasione del rinnovo del parco mezzi previsto dalla gara regionale; dalla Giunta impegni accolti.<\/em><\/p>\n<p>&nbsp;<\/p>\n<p>Con la gara regionale gli autobus saranno pi\u00f9 sicuri. Videosorveglianza e monitoraggio satellitare sui nuovi mezzi, estensione della cabina di regia regionale sulla sicurezza del trasporto ferroviario anche al trasporto pubblico locale: sono le richieste emerse dall\u2019interrogazione, presentata a seguito di alcuni eventi avvenuti in Valdinievole mesi fa, da parte di <strong>Marco Niccolai<\/strong>, consigliere regionale Pd e accolte da <strong>Vincenzo Ceccarelli<\/strong>, assessore regionale ai trasporti, nella sua risposta.<\/p>\n<p>\u201cI nuovi mezzi di trasporto pubblico locale in arrivo secondo il contratto con il gestore unico (2100 mezzi nell&#8217;arco di vigenza contrattuale), come chiedevo nell\u2019interrogazione, saranno dotati di adeguate soluzioni tecniche per tutelare la sicurezza di personale e passeggeri, ovvero sistemi di videosorveglianza e di monitoraggio satellitare. \u2013 spiega Niccolai \u2013 Un altro aspetto su cui ho posto l\u2019attenzione e che \u00e8 stato condiviso dalla Giunta \u00e8 la necessit\u00e0 di attivare una cabina di regia regionale dedicata alla sicurezza sui mezzi di trasporto pubblico locale urbano e extraurbano, alla luce dei sempre pi\u00f9 numerosi episodi di aggressione, estendendo dunque la competenza di quella per il trasporto ferroviario attivata nel luglio 2015 presso la Prefettura di Firenze. Una richiesta proveniente dagli stessi lavoratori e dalle organizzazioni sindacali, che ho voluto rilanciare. La Regione non solo estender\u00e0 questa cabina di regia ma si impegner\u00e0, insieme al concessionario e alle parti sindacali, a costituire un tavolo di lavoro per un costante monitoraggio. E ancora: la cauzione definitiva prevista dal contratto in capo al gestore unico sar\u00e0 prestata per far fronte a eventuali inadempienze anche relative all\u2019inosservanza di norme e prescrizioni su sicurezza fisica lavoratori\u201d.<\/p>\n<p>\u201cRingrazio l\u2019assessore Ceccarelli per aver accolto le istanze che ho presentato nell\u2019interrogazione e per aver compreso l\u2019urgenza della questione, dettata dalle condizioni difficili in cui purtroppo si trovano ad essere sempre pi\u00f9 frequentemente coinvolti sia gli autisti che i viaggiatori, testimoni loro malgrado di episodi di aggressioni che avvengono durante le corse o alle fermate. \u2013 conclude Niccolai \u2013 Misure necessarie per un impegno importante: garantire la sicurezza dei lavoratori nel luogo in cui lavorano e la serenit\u00e0 di chi viaggia\u201d.<\/p>\n<p>&nbsp;<\/p>\n","protected":false},"excerpt":{"rendered":"<p>Il consigliere regionale aveva interpellato l\u2019assessore ai trasporti dopo i frequenti episodi di violenza e aggressioni sugli autobus (uno dei quali avvenuto in Valdinievole alcuni mesi fa), sollecitando impegni per \u201csoluzioni e strumenti per affrontare situazioni di criticit\u00e0\u201d, cogliendo l\u2019occasione del rinnovo del parco mezzi previsto dalla gara regionale; dalla Giunta impegni accolti. &nbsp; Con [&hellip;]<\/p>\n","protected":false},"author":1,"featured_media":11971,"comment_status":"closed","ping_status":"closed","sticky":false,"template":"","format":"standard","meta":{"_jetpack_memberships_contains_paid_content":false,"footnotes":""},"categories":[30,969],"tags":[],"class_list":{"0":"post-12314","1":"post","2":"type-post","3":"status-publish","4":"format-standard","5":"has-post-thumbnail","7":"category-comunicati-stampa","8":"category-marco-niccolai","9":"czr-hentry"},"jetpack_featured_media_url":"https:\/\/www.gruppopdregionetoscana.it\/web\/wp-content\/uploads\/2016\/01\/niccolai-1.jpg","jetpack_sharing_enabled":true,"_links":{"self":[{"href":"https:\/\/www.gruppopdregionetoscana.it\/web\/wp-json\/wp\/v2\/posts\/12314","targetHints":{"allow":["GET"]}}],"collection":[{"href":"https:\/\/www.gruppopdregionetoscana.it\/web\/wp-json\/wp\/v2\/posts"}],"about":[{"href":"https:\/\/www.gruppopdregionetoscana.it\/web\/wp-json\/wp\/v2\/types\/post"}],"author":[{"embeddable":true,"href":"https:\/\/www.gruppopdregionetoscana.it\/web\/wp-json\/wp\/v2\/users\/1"}],"replies":[{"embeddable":true,"href":"https:\/\/www.gruppopdregionetoscana.it\/web\/wp-json\/wp\/v2\/comments?post=12314"}],"version-history":[{"count":0,"href":"https:\/\/www.gruppopdregionetoscana.it\/web\/wp-json\/wp\/v2\/posts\/12314\/revisions"}],"wp:featuredmedia":[{"embeddable":true,"href":"https:\/\/www.gruppopdregionetoscana.it\/web\/wp-json\/wp\/v2\/media\/11971"}],"wp:attachment":[{"href":"https:\/\/www.gruppopdregionetoscana.it\/web\/wp-json\/wp\/v2\/media?parent=12314"}],"wp:term":[{"taxonomy":"category","embeddable":true,"href":"https:\/\/www.gruppopdregionetoscana.it\/web\/wp-json\/wp\/v2\/categories?post=12314"},{"taxonomy":"post_tag","embeddable":true,"href":"https:\/\/www.gruppopdregionetoscana.it\/web\/wp-json\/wp\/v2\/tags?post=12314"}],"curies":[{"name":"wp","href":"https:\/\/api.w.org\/{rel}","templated":true}]}}