{"id":12319,"date":"2016-02-24T12:59:45","date_gmt":"2016-02-24T11:59:45","guid":{"rendered":"http:\/\/www.gruppopdregionetoscana.it\/web\/?p=12319"},"modified":"2016-02-24T12:59:55","modified_gmt":"2016-02-24T11:59:55","slug":"toscana-e-pistoia-immuni-da-xylella-niccolai-pd-decreto-del-governo-fa-luce-su-tutta-la-regione-le-nostre-piante-sono-sane","status":"publish","type":"post","link":"https:\/\/www.gruppopdregionetoscana.it\/web\/toscana-e-pistoia-immuni-da-xylella-niccolai-pd-decreto-del-governo-fa-luce-su-tutta-la-regione-le-nostre-piante-sono-sane\/","title":{"rendered":"Toscana e Pistoia immuni da Xylella  Niccolai (Pd): \u201cDecreto del Governo fa luce su tutta la regione. Le nostre piante sono sane\u201d"},"content":{"rendered":"<p><em><img loading=\"lazy\" decoding=\"async\" class=\"alignleft wp-image-12320\" src=\"http:\/\/www.gruppopdregionetoscana.it\/web\/wp-content\/uploads\/2016\/02\/vivaismo-300x125.jpg\" alt=\"vivaismo\" width=\"278\" height=\"116\" srcset=\"https:\/\/www.gruppopdregionetoscana.it\/web\/wp-content\/uploads\/2016\/02\/vivaismo-300x125.jpg 300w, https:\/\/www.gruppopdregionetoscana.it\/web\/wp-content\/uploads\/2016\/02\/vivaismo.jpg 347w\" sizes=\"auto, (max-width: 278px) 100vw, 278px\" \/>\u00a0Il decreto del Ministero dell\u2019Agricoltura dichiara la Toscana indenne da Xylella fastidiosa; un batterio che colpisce l&#8217;apparato linfatico delle piante<\/em><\/p>\n<p>&nbsp;<\/p>\n<p>\u201cLe piante della provincia di Pistoia sono sane. La Toscana \u00e8 indenne da Xylella fastidiosa. Sicuramente una buona notizia per il vivaismo e per il nostro settore agricolo che arriva dal decreto del Ministero dell\u2019Agricoltura. Un atto ufficiale che fa finalmente luce su preoccupazioni diffusasi in un settore cruciale per l\u2019economia della provincia di Pistoia, e non solo, e mette la parola fine a strumentali inibizioni createsi per l\u2019export. Non posso che essere soddisfatto per l\u2019esito e la tempestivit\u00e0 della verifica che, tra l\u2019altro, va nella stessa direzione della mozione approvata in Consiglio regionale alcune settimana fa, con la quale chiedevamo il potenziamento del servizio fitosanitario regionale ed un&#8217;azione forte a tutela delle nostre produzioni, punto sul quale l&#8217;assessore Remaschi si \u00e8 impegnato fin dal suo insediamento. Il servizio fitosanitario \u00e8 fondamentale per la tutela della qualit\u00e0 delle nostre produzioni e dunque per la tutela di una realt\u00e0 economica radicata e, allo stesso, tempo per la salvaguardia delle nostre piante da agenti patogeni cosi dannosi come quello di cui stiamo parlando. L&#8217;efficienza del servizio fitosanitario regionale \u00e8 ed \u00e8 stato un elemento essenziale per arrivare al risultato attestato dal decreto ministeriale, per questo abbiamo chiesto un impegno particolare in tal senso&#8221;, cos\u00ec <strong>Marco Niccolai<\/strong>, consigliere regionale Pd e componente della Commissione agricoltura, commenta il decreto emesso dal Ministero dell\u2019Agricoltura Maurizio Martina che dichiara la Toscana e dunque\u00a0 anche il territorio pistoiese esente da xylella fastidiosa.<\/p>\n","protected":false},"excerpt":{"rendered":"<p>\u00a0Il decreto del Ministero dell\u2019Agricoltura dichiara la Toscana indenne da Xylella fastidiosa; un batterio che colpisce l&#8217;apparato linfatico delle piante &nbsp; \u201cLe piante della provincia di Pistoia sono sane. La Toscana \u00e8 indenne da Xylella fastidiosa. Sicuramente una buona notizia per il vivaismo e per il nostro settore agricolo che arriva dal decreto del Ministero [&hellip;]<\/p>\n","protected":false},"author":1,"featured_media":12320,"comment_status":"closed","ping_status":"closed","sticky":false,"template":"","format":"standard","meta":{"_jetpack_memberships_contains_paid_content":false,"footnotes":""},"categories":[30,969],"tags":[],"class_list":{"0":"post-12319","1":"post","2":"type-post","3":"status-publish","4":"format-standard","5":"has-post-thumbnail","7":"category-comunicati-stampa","8":"category-marco-niccolai","9":"czr-hentry"},"jetpack_featured_media_url":"https:\/\/www.gruppopdregionetoscana.it\/web\/wp-content\/uploads\/2016\/02\/vivaismo.jpg","jetpack_sharing_enabled":true,"_links":{"self":[{"href":"https:\/\/www.gruppopdregionetoscana.it\/web\/wp-json\/wp\/v2\/posts\/12319","targetHints":{"allow":["GET"]}}],"collection":[{"href":"https:\/\/www.gruppopdregionetoscana.it\/web\/wp-json\/wp\/v2\/posts"}],"about":[{"href":"https:\/\/www.gruppopdregionetoscana.it\/web\/wp-json\/wp\/v2\/types\/post"}],"author":[{"embeddable":true,"href":"https:\/\/www.gruppopdregionetoscana.it\/web\/wp-json\/wp\/v2\/users\/1"}],"replies":[{"embeddable":true,"href":"https:\/\/www.gruppopdregionetoscana.it\/web\/wp-json\/wp\/v2\/comments?post=12319"}],"version-history":[{"count":0,"href":"https:\/\/www.gruppopdregionetoscana.it\/web\/wp-json\/wp\/v2\/posts\/12319\/revisions"}],"wp:featuredmedia":[{"embeddable":true,"href":"https:\/\/www.gruppopdregionetoscana.it\/web\/wp-json\/wp\/v2\/media\/12320"}],"wp:attachment":[{"href":"https:\/\/www.gruppopdregionetoscana.it\/web\/wp-json\/wp\/v2\/media?parent=12319"}],"wp:term":[{"taxonomy":"category","embeddable":true,"href":"https:\/\/www.gruppopdregionetoscana.it\/web\/wp-json\/wp\/v2\/categories?post=12319"},{"taxonomy":"post_tag","embeddable":true,"href":"https:\/\/www.gruppopdregionetoscana.it\/web\/wp-json\/wp\/v2\/tags?post=12319"}],"curies":[{"name":"wp","href":"https:\/\/api.w.org\/{rel}","templated":true}]}}