{"id":12473,"date":"2016-03-11T14:54:48","date_gmt":"2016-03-11T13:54:48","guid":{"rendered":"http:\/\/www.gruppopdregionetoscana.it\/web\/?p=12473"},"modified":"2016-03-11T14:54:48","modified_gmt":"2016-03-11T13:54:48","slug":"presentata-mozione-delle-consigliere-meucci-e-monni-pd-per-rafforzare-il-ruolo-della-commissione-per-la-tutela-degli-animali","status":"publish","type":"post","link":"https:\/\/www.gruppopdregionetoscana.it\/web\/presentata-mozione-delle-consigliere-meucci-e-monni-pd-per-rafforzare-il-ruolo-della-commissione-per-la-tutela-degli-animali\/","title":{"rendered":"Presentata Mozione delle consigliere Meucci e Monni (PD) per rafforzare il ruolo della \u2018Commissione per la tutela degli animali\u2019"},"content":{"rendered":"<p style=\"text-align: justify;\"><span style=\"color: #000000;\"><img loading=\"lazy\" decoding=\"async\" class=\"alignleft wp-image-12476\" src=\"http:\/\/www.gruppopdregionetoscana.it\/web\/wp-content\/uploads\/2016\/03\/meucci-monni-300x137.png\" alt=\"meucci-monni\" width=\"402\" height=\"184\" srcset=\"https:\/\/www.gruppopdregionetoscana.it\/web\/wp-content\/uploads\/2016\/03\/meucci-monni-300x137.png 300w, https:\/\/www.gruppopdregionetoscana.it\/web\/wp-content\/uploads\/2016\/03\/meucci-monni.png 736w\" sizes=\"auto, (max-width: 402px) 100vw, 402px\" \/>Rafforzare e implementare il ruolo di garanzia della \u201cCommissione per la tutela degli animali\u201d attraverso una modifica della l.r. 59\/2009 \u00e8 questo in sintesi quanto chiedono alla giunta le <strong>consigliere regionali PD<\/strong> <strong>Titta Meucci <\/strong>e<strong> Monia Monni <\/strong>prime firmatarie di una mozione presentata oggi in consiglio regionale che verr\u00e0 discussa nella prossima seduta d\u2019aula.<\/span><\/p>\n<p style=\"text-align: justify;\"><span style=\"color: #000000;\">\u201cDall\u2019istituzione della commissione sono passati circa due anni \u2013 <strong>spiega Titta Meucci<\/strong> \u2013 e ormai da pi\u00f9 parti si avverte la necessit\u00e0 di una verifica di questo istituto, potenziando la Commissione per le finalit\u00e0\u00a0 per la quale \u00e8 stata istituita, ad esempio attribuendo alla figura del Presidente specifiche funzioni di garanzia oppure dando\u00a0 maggiore organicit\u00e0 alla funzione consultiva della Commissione stessa. Parlando con le associazioni ci siamo rese conto \u2013 <strong>prosegue Meucci<\/strong> \u2013 che \u00e8 necessario promuovere un maggiore coinvolgimento delle associazioni di protezione e difesa degli animali presenti in Toscana. Ci\u00f2 pu\u00f2 avvenire istituendo formalmente incontri periodici tra queste e la Commissione perch\u00e9 solo cos\u00ec riusciremo ad avere una collaborazione sempre maggiore tra di loro, anche in funzione delle attivit\u00e0 che la Commissione \u00e8 chiamata a svolgere \u201d.<\/span><\/p>\n<p style=\"text-align: justify;\"><span style=\"color: #000000;\">\u201c Tra le richieste di rafforzamento che facciamo alla giunta \u2013 <strong>aggiunge Monia Monni<\/strong> \u2013 c\u2019\u00e8 anche quella di attribuire alla Commissione il ruolo di supervisione su tutte le strutture con funzioni di canile che operano in ambito regionale, questo ci permetter\u00e0 di avere un controllo maggiore e una regia importante e qualificata sulle strutture. Crediamo poi \u00a0\u2013 <strong>prosegue Monni<\/strong> \u2013 che sarebbe importante predisporre con cadenza annuale una relazione sulle condizioni degli animali in Toscana e sull\u2019attivit\u00e0 svolta dalla Commissione, cos\u00ec come avviene gi\u00e0 per altri istituti, da inoltrare al Consiglio regionale \u201d. Le nuove norme contro i maltrattamenti degli animali di affezione \u2013 <strong>concludono Meucci e Monni <\/strong>&#8211; hanno di fatto determinato nella nostra Regione\u00a0 una sensibile diminuzione dei reati connessi a questo specifico settore; tuttavia i numeri\u00a0 relativi al 2014 (416 infrazioni accertate, con una percentuale sul totale del 5,3%, 310 denunce, 164 sequestri ed una persona arrestata) stanno a dimostrare la necessit\u00e0\u00a0 di procedere sulla strada intrapresa, volta a migliorare e potenziare, in termini di funzionamento, gli strumenti di controllo esistenti, fra i quali il ruolo di garanzia non pu\u00f2 che essere svolto dalla \u201cCommissione per la tutela degli animali\u201d.<\/span><\/p>\n","protected":false},"excerpt":{"rendered":"<p>Rafforzare e implementare il ruolo di garanzia della \u201cCommissione per la tutela degli animali\u201d attraverso una modifica della l.r. 59\/2009 \u00e8 questo in sintesi quanto chiedono alla giunta le consigliere regionali PD Titta Meucci e Monia Monni prime firmatarie di una mozione presentata oggi in consiglio regionale che verr\u00e0 discussa nella prossima seduta d\u2019aula. \u201cDall\u2019istituzione [&hellip;]<\/p>\n","protected":false},"author":1,"featured_media":12474,"comment_status":"closed","ping_status":"closed","sticky":false,"template":"","format":"standard","meta":{"_jetpack_memberships_contains_paid_content":false,"footnotes":""},"categories":[30,967,955],"tags":[1282,676,1283,41,1281,1096,531],"class_list":{"0":"post-12473","1":"post","2":"type-post","3":"status-publish","4":"format-standard","5":"has-post-thumbnail","7":"category-comunicati-stampa","8":"category-elisabetta-meucci","9":"category-monia-monni","10":"tag-animal-friendly","11":"tag-animali","12":"tag-animali-di-affezione","13":"tag-commissione","14":"tag-monia-monni","15":"tag-titta-meucci","16":"tag-tutela","17":"czr-hentry"},"jetpack_featured_media_url":"https:\/\/www.gruppopdregionetoscana.it\/web\/wp-content\/uploads\/2016\/03\/16238-0-ev_a.jpg","jetpack_sharing_enabled":true,"_links":{"self":[{"href":"https:\/\/www.gruppopdregionetoscana.it\/web\/wp-json\/wp\/v2\/posts\/12473","targetHints":{"allow":["GET"]}}],"collection":[{"href":"https:\/\/www.gruppopdregionetoscana.it\/web\/wp-json\/wp\/v2\/posts"}],"about":[{"href":"https:\/\/www.gruppopdregionetoscana.it\/web\/wp-json\/wp\/v2\/types\/post"}],"author":[{"embeddable":true,"href":"https:\/\/www.gruppopdregionetoscana.it\/web\/wp-json\/wp\/v2\/users\/1"}],"replies":[{"embeddable":true,"href":"https:\/\/www.gruppopdregionetoscana.it\/web\/wp-json\/wp\/v2\/comments?post=12473"}],"version-history":[{"count":0,"href":"https:\/\/www.gruppopdregionetoscana.it\/web\/wp-json\/wp\/v2\/posts\/12473\/revisions"}],"wp:featuredmedia":[{"embeddable":true,"href":"https:\/\/www.gruppopdregionetoscana.it\/web\/wp-json\/wp\/v2\/media\/12474"}],"wp:attachment":[{"href":"https:\/\/www.gruppopdregionetoscana.it\/web\/wp-json\/wp\/v2\/media?parent=12473"}],"wp:term":[{"taxonomy":"category","embeddable":true,"href":"https:\/\/www.gruppopdregionetoscana.it\/web\/wp-json\/wp\/v2\/categories?post=12473"},{"taxonomy":"post_tag","embeddable":true,"href":"https:\/\/www.gruppopdregionetoscana.it\/web\/wp-json\/wp\/v2\/tags?post=12473"}],"curies":[{"name":"wp","href":"https:\/\/api.w.org\/{rel}","templated":true}]}}