{"id":12627,"date":"2016-04-06T15:45:10","date_gmt":"2016-04-06T13:45:10","guid":{"rendered":"http:\/\/www.gruppopdregionetoscana.it\/web\/?p=12627"},"modified":"2016-04-06T15:45:10","modified_gmt":"2016-04-06T13:45:10","slug":"casa-ceccarelli-risponde-a-interrogazione-meucci-su-alloggi-di-edilizia-residenziale-pubblica","status":"publish","type":"post","link":"https:\/\/www.gruppopdregionetoscana.it\/web\/casa-ceccarelli-risponde-a-interrogazione-meucci-su-alloggi-di-edilizia-residenziale-pubblica\/","title":{"rendered":"Casa, Ceccarelli risponde a interrogazione Meucci su alloggi di edilizia residenziale pubblica"},"content":{"rendered":"<p style=\"text-align: justify;\"><span style=\"color: #000000;\"><em>La consigliera regionale, insieme ai colleghi Monni, Gazzetti e Niccolai \u00a0aveva interpellato l\u2019assessore in merito al potenziamento delle azioni regionali in materia di politiche abitative.<\/em><\/span><\/p>\n<p style=\"text-align: justify;\"><span style=\"color: #000000;\"><img loading=\"lazy\" decoding=\"async\" class=\"alignleft size-medium wp-image-12629\" src=\"http:\/\/www.gruppopdregionetoscana.it\/web\/wp-content\/uploads\/2016\/04\/meucci-monn-gazzetti-niccol-300x277.png\" alt=\"meucci-monn-gazzetti-niccol\" width=\"300\" height=\"277\" srcset=\"https:\/\/www.gruppopdregionetoscana.it\/web\/wp-content\/uploads\/2016\/04\/meucci-monn-gazzetti-niccol-300x277.png 300w, https:\/\/www.gruppopdregionetoscana.it\/web\/wp-content\/uploads\/2016\/04\/meucci-monn-gazzetti-niccol-270x250.png 270w, https:\/\/www.gruppopdregionetoscana.it\/web\/wp-content\/uploads\/2016\/04\/meucci-monn-gazzetti-niccol.png 736w\" sizes=\"auto, (max-width: 300px) 100vw, 300px\" \/>\u201cQuello della casa \u00e8 da tutti riconosciuto come uno dei temi drammatici e pi\u00f9 rilevanti per il livello medio e i costi delle abitazioni e degli affitti in Toscana. Una drammaticit\u00e0 che in alcune zone costituisce un\u2019emergenza costante, ed \u00e8 questo che ci ha indotto a\u00a0 portarlo all\u2019attenzione della giunta. I dati citati dall\u2019Assessore nella sua risposta mostrano come la questione abitativa in Toscana richieda in questo momento un impegno iche deve andare ben oltre le azioni messe oggi in campo da tutti i soggetti istituzionali competenti e, per prima dalla Regione. Cos\u00ec <strong>Titta Meucci<\/strong> Consigliera regionale PD ringraziando l\u2019Assessore Vincenzo Ceccarelli per le risposte all\u2019interrogazione che insieme ad altri colleghi aveva presentato in consiglio regionale.\u00a0<\/span><\/p>\n<p style=\"text-align: justify;\"><span style=\"color: #000000;\">\u00a0\u201cL\u2019edilizia residenziale pubblica \u00e8 uno dei pilastri su cui si fondano le politiche per combattere la\u00a0 povert\u00e0 \u2013 aggiungono la vice capogruppo del Pd Regione <strong>Monia Monni e Titta Meucci, <\/strong>firmatarie insieme ai colleghi <strong>Gazzetti<\/strong> e <strong>Niccolai<\/strong> dell\u2019Interrogazione. E\u2019 quindi nostro dovere rispondere concretamente a quelle famiglie che vivono situazioni di difficolt\u00e0\u00a0 e che necessitano dell\u2019aiuto delle istituzioni. Possiamo dire, al netto dell\u2019approfondita risposta fornita dall\u2019assessore Ceccarelli, che il tema della casa e dell\u2019edilizia residenziale pubblica sar\u00e0 al centro della nostra attenzione\u00a0 e della nostra azione politica perch\u00e9 si rende necessario, in questa fase, un intervento economico sostanziale che possa rispondere alle richieste che arrivano da quei cittadini che si trovano in stato di bisogno. In questo contesto ottima sar\u00e0 la misura del governo sulle politiche abitative che, con il Piano casa, ha destinato 400 milioni di euro alle regioni, un primo fondamentale passo che necessita, per\u00f2, di altri interventi sostanziali.\u201d.<\/span><\/p>\n<p style=\"text-align: justify;\"><span style=\"color: #000000;\">Ceccarelli nella sua risposta ha fatto presente come la giunta stia mettendo a punto un piano di azione che consenta la realizzazione di circa 1400 nuovi alloggi nei prossimi 3 anni, per circa 100 milioni di investimenti, alla revisione delle norme esistenti ed a ridisegnare la governance del sistema. \u201cSei milioni di risorse statali \u2013 aggiunge Ceccarelli &#8211; saranno a breve rese disponibili per la ristrutturazione degli alloggi di risulta. Vogliamo, inoltre, introdurre maggiore equit\u00e0 negli affitti, ritoccando la fasce medio-alte, che non furono toccate con la legge 41\/2015, ma attraverso l\u2019applicazione dell\u2019Isee, con l\u2019obiettivo di garantire l\u2019autosufficienza per la manutenzione del patrimonio. E, infine, vogliamo dare pi\u00f9 flessibilit\u00e0 di intervento ai sindaci\u201d.<\/span><\/p>\n<p style=\"text-align: justify;\"><span style=\"color: #000000;\">Apprezziamo la volont\u00e0 manifestata dall&#8217;assessore di lavorare ad un adeguato piano di investimenti\u00a0\u2013 prosegue <strong>Meucci<\/strong> &#8211; \u00a0e sono certa che tutto il Consiglio in modo trasversale prender\u00e0 a cuore il problema. Ringrazio l\u2019assessore anche per l\u2019apertura al confronto e al dialogo dimostrata sul tema della riorganizzazione delle aziende. Una riorganizzazione rispetto alla quale, mi permetto di dire, \u00e8 auspicabile andare a salvaguardare l\u2019assetto che fu scelto a suo tempo in quest\u2019aula. La scelta di conferire il potere decisionale e la propriet\u00e0 del patrimonio ERP ai comuni perch\u00e9 \u00e8 a quel livello istituzionale che si \u00a0conoscono le esigenze dei territori in questo settore. Lasciando intatta questa scelta \u2013 conclude <strong>Meucci<\/strong> \u2013 , confermando alla Regione il ruolo di ente regolatore e attribuendo ai gestori il complesso delle funzioni operative, si potr\u00e0 ottenere una buona ottimizzazione delle risorse .<\/span><\/p>\n","protected":false},"excerpt":{"rendered":"<p>La consigliera regionale, insieme ai colleghi Monni, Gazzetti e Niccolai \u00a0aveva interpellato l\u2019assessore in merito al potenziamento delle azioni regionali in materia di politiche abitative. \u201cQuello della casa \u00e8 da tutti riconosciuto come uno dei temi drammatici e pi\u00f9 rilevanti per il livello medio e i costi delle abitazioni e degli affitti in Toscana. Una [&hellip;]<\/p>\n","protected":false},"author":1,"featured_media":12628,"comment_status":"closed","ping_status":"closed","sticky":false,"template":"","format":"standard","meta":{"_jetpack_memberships_contains_paid_content":false,"footnotes":""},"categories":[30,967,1002,969,955],"tags":[517,1201,1193,1298],"class_list":{"0":"post-12627","1":"post","2":"type-post","3":"status-publish","4":"format-standard","5":"has-post-thumbnail","7":"category-comunicati-stampa","8":"category-elisabetta-meucci","9":"category-francesco-gazzetti","10":"category-marco-niccolai","11":"category-monia-monni","12":"tag-casa","13":"tag-edilizia","14":"tag-erp","15":"tag-piano-casa","16":"czr-hentry"},"jetpack_featured_media_url":"https:\/\/www.gruppopdregionetoscana.it\/web\/wp-content\/uploads\/2016\/04\/casa.jpg","jetpack_sharing_enabled":true,"_links":{"self":[{"href":"https:\/\/www.gruppopdregionetoscana.it\/web\/wp-json\/wp\/v2\/posts\/12627","targetHints":{"allow":["GET"]}}],"collection":[{"href":"https:\/\/www.gruppopdregionetoscana.it\/web\/wp-json\/wp\/v2\/posts"}],"about":[{"href":"https:\/\/www.gruppopdregionetoscana.it\/web\/wp-json\/wp\/v2\/types\/post"}],"author":[{"embeddable":true,"href":"https:\/\/www.gruppopdregionetoscana.it\/web\/wp-json\/wp\/v2\/users\/1"}],"replies":[{"embeddable":true,"href":"https:\/\/www.gruppopdregionetoscana.it\/web\/wp-json\/wp\/v2\/comments?post=12627"}],"version-history":[{"count":0,"href":"https:\/\/www.gruppopdregionetoscana.it\/web\/wp-json\/wp\/v2\/posts\/12627\/revisions"}],"wp:featuredmedia":[{"embeddable":true,"href":"https:\/\/www.gruppopdregionetoscana.it\/web\/wp-json\/wp\/v2\/media\/12628"}],"wp:attachment":[{"href":"https:\/\/www.gruppopdregionetoscana.it\/web\/wp-json\/wp\/v2\/media?parent=12627"}],"wp:term":[{"taxonomy":"category","embeddable":true,"href":"https:\/\/www.gruppopdregionetoscana.it\/web\/wp-json\/wp\/v2\/categories?post=12627"},{"taxonomy":"post_tag","embeddable":true,"href":"https:\/\/www.gruppopdregionetoscana.it\/web\/wp-json\/wp\/v2\/tags?post=12627"}],"curies":[{"name":"wp","href":"https:\/\/api.w.org\/{rel}","templated":true}]}}