{"id":12637,"date":"2016-04-06T18:20:13","date_gmt":"2016-04-06T16:20:13","guid":{"rendered":"http:\/\/www.gruppopdregionetoscana.it\/web\/?p=12637"},"modified":"2016-04-06T18:20:13","modified_gmt":"2016-04-06T16:20:13","slug":"tariffa-siae-nardini-pd-inopportuno-che-comuni-e-associazioni-onlus-senza-fini-di-lucro-per-organizzare-eventi-gratuiti-debbano-pagare-cifre-importanti","status":"publish","type":"post","link":"https:\/\/www.gruppopdregionetoscana.it\/web\/tariffa-siae-nardini-pd-inopportuno-che-comuni-e-associazioni-onlus-senza-fini-di-lucro-per-organizzare-eventi-gratuiti-debbano-pagare-cifre-importanti\/","title":{"rendered":"Tariffa SIAE, Nardini (Pd): &#8220;Inopportuno che Comuni e associazioni onlus senza fini di lucro per organizzare eventi gratuiti debbano pagare cifre importanti&#8221;"},"content":{"rendered":"<p><em>La consigliera regionale \u00e8 intervenuta in Aula per presentare gli emendamenti del gruppo PD in merito alla\u00a0mozione presentata da Fratelli d\u2019Italia e poi votata all\u2019unanimit\u00e0<\/em><\/p>\n<p>\u201cRicordando che il diritto d\u2019autore si applica a tutta l\u2019opera dell\u2019ingegno e quindi a tutti gli ambiti in cui essa pu\u00f2 esprimersi, riteniamo\u00a0 inopportuno che le Amministrazioni Comunali e le associazioni senza fini di lucro, anche quando organizzano eventi gratuiti, che quindi non generano un utile agli organizzatori, debbano pagare cifre importanti\u201d. Cos\u00ec <strong>Alessandra Nardini, consigliera regionale Pd<\/strong>,\u00a0\u00e8 intervenuta stamani in \u00a0Aula per presentare gli emendamenti del gruppo PD relativi alla mozione presentata dal gruppo Fratelli d\u2019Italia e poi votata all\u2019unanimit\u00e0 in merito all\u2019esenzione tariffa SIAE. \u201cPertanto \u2013 aggiunge la <strong>consigliera Nardini<\/strong>\u2013 chiediamo alla Giunta Regionale di attivarsi con tempestivit\u00e0 presso il Governo per far presenti le problematiche relative agli aspetti irragionevoli concernenti il pagamento dei diritti d\u2019autore, in particolare, da parte delle Amministrazioni Comunali e delle associazioni onlus, ci\u00f2 anche in relazione al percorso di confronto ed analisi che il Ministero dei beni e delle attivit\u00e0 culturali e del turismo sta avviando con la SIAE su una pluralit\u00e0 di temi.\u201d<\/p>\n<p>.<\/p>\n","protected":false},"excerpt":{"rendered":"<p>La consigliera regionale \u00e8 intervenuta in Aula per presentare gli emendamenti del gruppo PD in merito alla\u00a0mozione presentata da Fratelli d\u2019Italia e poi votata all\u2019unanimit\u00e0 \u201cRicordando che il diritto d\u2019autore si applica a tutta l\u2019opera dell\u2019ingegno e quindi a tutti gli ambiti in cui essa pu\u00f2 esprimersi, riteniamo\u00a0 inopportuno che le Amministrazioni Comunali e le [&hellip;]<\/p>\n","protected":false},"author":1,"featured_media":12602,"comment_status":"closed","ping_status":"closed","sticky":false,"template":"","format":"standard","meta":{"_jetpack_memberships_contains_paid_content":false,"footnotes":""},"categories":[968,30],"tags":[],"class_list":{"0":"post-12637","1":"post","2":"type-post","3":"status-publish","4":"format-standard","5":"has-post-thumbnail","7":"category-alessandra-nardini","8":"category-comunicati-stampa","9":"czr-hentry"},"jetpack_featured_media_url":"https:\/\/www.gruppopdregionetoscana.it\/web\/wp-content\/uploads\/2016\/03\/nardini3.jpg","jetpack_sharing_enabled":true,"_links":{"self":[{"href":"https:\/\/www.gruppopdregionetoscana.it\/web\/wp-json\/wp\/v2\/posts\/12637","targetHints":{"allow":["GET"]}}],"collection":[{"href":"https:\/\/www.gruppopdregionetoscana.it\/web\/wp-json\/wp\/v2\/posts"}],"about":[{"href":"https:\/\/www.gruppopdregionetoscana.it\/web\/wp-json\/wp\/v2\/types\/post"}],"author":[{"embeddable":true,"href":"https:\/\/www.gruppopdregionetoscana.it\/web\/wp-json\/wp\/v2\/users\/1"}],"replies":[{"embeddable":true,"href":"https:\/\/www.gruppopdregionetoscana.it\/web\/wp-json\/wp\/v2\/comments?post=12637"}],"version-history":[{"count":0,"href":"https:\/\/www.gruppopdregionetoscana.it\/web\/wp-json\/wp\/v2\/posts\/12637\/revisions"}],"wp:featuredmedia":[{"embeddable":true,"href":"https:\/\/www.gruppopdregionetoscana.it\/web\/wp-json\/wp\/v2\/media\/12602"}],"wp:attachment":[{"href":"https:\/\/www.gruppopdregionetoscana.it\/web\/wp-json\/wp\/v2\/media?parent=12637"}],"wp:term":[{"taxonomy":"category","embeddable":true,"href":"https:\/\/www.gruppopdregionetoscana.it\/web\/wp-json\/wp\/v2\/categories?post=12637"},{"taxonomy":"post_tag","embeddable":true,"href":"https:\/\/www.gruppopdregionetoscana.it\/web\/wp-json\/wp\/v2\/tags?post=12637"}],"curies":[{"name":"wp","href":"https:\/\/api.w.org\/{rel}","templated":true}]}}