{"id":12639,"date":"2016-04-07T11:58:30","date_gmt":"2016-04-07T09:58:30","guid":{"rendered":"http:\/\/www.gruppopdregionetoscana.it\/web\/?p=12639"},"modified":"2016-04-07T12:00:31","modified_gmt":"2016-04-07T10:00:31","slug":"bekaert-figline-valdarno-vadi-pd-segnali-importanti-per-il-futuro-dello-stabilimento-formazione-sara-fondamentale-per-ricollocare-i-lavoratori-rimasti-fuori","status":"publish","type":"post","link":"https:\/\/www.gruppopdregionetoscana.it\/web\/bekaert-figline-valdarno-vadi-pd-segnali-importanti-per-il-futuro-dello-stabilimento-formazione-sara-fondamentale-per-ricollocare-i-lavoratori-rimasti-fuori\/","title":{"rendered":"Bekaert, Figline Valdarno; Vadi (Pd): \u201cSegnali importanti per il futuro dello stabilimento. Formazione sar\u00e0 fondamentale per ricollocare i lavoratori rimasti fuori\u201d"},"content":{"rendered":"<p><em><img loading=\"lazy\" decoding=\"async\" class=\"alignleft size-medium wp-image-12578\" src=\"http:\/\/www.gruppopdregionetoscana.it\/web\/wp-content\/uploads\/2016\/03\/vadi2-300x219.jpg\" alt=\"vadi2\" width=\"300\" height=\"219\" srcset=\"https:\/\/www.gruppopdregionetoscana.it\/web\/wp-content\/uploads\/2016\/03\/vadi2-300x219.jpg 300w, https:\/\/www.gruppopdregionetoscana.it\/web\/wp-content\/uploads\/2016\/03\/vadi2.jpg 900w\" sizes=\"auto, (max-width: 300px) 100vw, 300px\" \/>\u201cIl Valdarno \u00e8 attraversato da diverse situazioni di crisi; l\u2019attenzione della Regione e delle istituzioni locali sar\u00e0 costante e sicuramente dirimente anche per queste realt\u00e0\u201d<\/em><\/p>\n<p><em>\u00a0<\/em><\/p>\n<p><em>\u00a0<\/em>\u201cIl lungo e proficuo lavoro delle istituzioni, dei sindacati e della propriet\u00e0 ha senz\u2019altro dato buoni frutti. Non posso che esprimere soddisfazione per gli sviluppi e per il nuovo corso che si sta piano piano strutturando e solidificando per la Bekaert di Figline Valdarno. Una boccata d\u2019ossigeno per la produttivit\u00e0 del territorio, per i tanti lavoratori e le famiglie coinvolte. Ci sono due aspetti che fanno ben sperare: la volont\u00e0 della multinazionale belga di continuare a investire sullo stabilimento valdarnese, dove si continuer\u00e0\u00a0 a produrre filo d\u2019acciaio, e l\u2019impegno a individuare soggetti volti alla ricollocazione di quei dipendenti che non rientreranno in attivit\u00e0 al termine della cassa integrazione, cos\u00ec come prevedeva l\u2019accordo. Gi\u00e0 a fine marzo sono infatti partiti i primi incontri tra questi lavoratori e le societ\u00e0 di outplacement. E proprio su questo aspetto, che io ritengo cruciale, la Regione sar\u00e0 disponibile anche in futuro a tornarci sopra, accogliendo la possibilit\u00e0 di valutare richieste per specifici bandi di ricerca e formazione per il personale che non riprender\u00e0 il proprio posto in azienda. Ecco io credo che l\u2019apertura e l\u2019impegno a trovare una soluzione per tutti gli aspetti e le sfaccettature di questa annosa fase della ex-Pirelli sia stato e sar\u00e0 fondamentale ed evidentemente proficuo per il suo futuro. Segno che quando le istituzioni a vari livelli, imprese, sindacati e lavoratori, che ricordo pochi mesi fa avevano espresso parere positivo all\u2019accordo, i risultati arrivano; e tutti auspichiamo che siano solidi e duraturi. Sappiamo bene che il Valdarno in questo periodo \u00e8 attraversato da diverse situazioni di crisi; l\u2019attenzione della Regione e delle istituzioni sar\u00e0 costante e sicuramente dirimente anche per queste realt\u00e0\u201d.<\/p>\n<p>&nbsp;<\/p>\n<p>Cos\u00ec <strong>Valentina Vadi<\/strong>, consigliere regionale Pd sull\u2019avanzamento dell\u2019accordo del piano industriale per lo stabilimento Bekaert, ex Pirelli, di Figline Valdarno.<\/p>\n","protected":false},"excerpt":{"rendered":"<p>\u201cIl Valdarno \u00e8 attraversato da diverse situazioni di crisi; l\u2019attenzione della Regione e delle istituzioni locali sar\u00e0 costante e sicuramente dirimente anche per queste realt\u00e0\u201d \u00a0 \u00a0\u201cIl lungo e proficuo lavoro delle istituzioni, dei sindacati e della propriet\u00e0 ha senz\u2019altro dato buoni frutti. Non posso che esprimere soddisfazione per gli sviluppi e per il nuovo [&hellip;]<\/p>\n","protected":false},"author":1,"featured_media":12578,"comment_status":"closed","ping_status":"closed","sticky":false,"template":"","format":"standard","meta":{"_jetpack_memberships_contains_paid_content":false,"footnotes":""},"categories":[30,974],"tags":[],"class_list":{"0":"post-12639","1":"post","2":"type-post","3":"status-publish","4":"format-standard","5":"has-post-thumbnail","7":"category-comunicati-stampa","8":"category-valentina-vadi","9":"czr-hentry"},"jetpack_featured_media_url":"https:\/\/www.gruppopdregionetoscana.it\/web\/wp-content\/uploads\/2016\/03\/vadi2.jpg","jetpack_sharing_enabled":true,"_links":{"self":[{"href":"https:\/\/www.gruppopdregionetoscana.it\/web\/wp-json\/wp\/v2\/posts\/12639","targetHints":{"allow":["GET"]}}],"collection":[{"href":"https:\/\/www.gruppopdregionetoscana.it\/web\/wp-json\/wp\/v2\/posts"}],"about":[{"href":"https:\/\/www.gruppopdregionetoscana.it\/web\/wp-json\/wp\/v2\/types\/post"}],"author":[{"embeddable":true,"href":"https:\/\/www.gruppopdregionetoscana.it\/web\/wp-json\/wp\/v2\/users\/1"}],"replies":[{"embeddable":true,"href":"https:\/\/www.gruppopdregionetoscana.it\/web\/wp-json\/wp\/v2\/comments?post=12639"}],"version-history":[{"count":0,"href":"https:\/\/www.gruppopdregionetoscana.it\/web\/wp-json\/wp\/v2\/posts\/12639\/revisions"}],"wp:featuredmedia":[{"embeddable":true,"href":"https:\/\/www.gruppopdregionetoscana.it\/web\/wp-json\/wp\/v2\/media\/12578"}],"wp:attachment":[{"href":"https:\/\/www.gruppopdregionetoscana.it\/web\/wp-json\/wp\/v2\/media?parent=12639"}],"wp:term":[{"taxonomy":"category","embeddable":true,"href":"https:\/\/www.gruppopdregionetoscana.it\/web\/wp-json\/wp\/v2\/categories?post=12639"},{"taxonomy":"post_tag","embeddable":true,"href":"https:\/\/www.gruppopdregionetoscana.it\/web\/wp-json\/wp\/v2\/tags?post=12639"}],"curies":[{"name":"wp","href":"https:\/\/api.w.org\/{rel}","templated":true}]}}