{"id":12644,"date":"2016-04-07T12:41:35","date_gmt":"2016-04-07T10:41:35","guid":{"rendered":"http:\/\/www.gruppopdregionetoscana.it\/web\/?p=12644"},"modified":"2016-04-07T12:41:35","modified_gmt":"2016-04-07T10:41:35","slug":"sanita-lunigiana-bugliani-pd-servizio-di-mammografia-resta-in-lunigiana","status":"publish","type":"post","link":"https:\/\/www.gruppopdregionetoscana.it\/web\/sanita-lunigiana-bugliani-pd-servizio-di-mammografia-resta-in-lunigiana\/","title":{"rendered":"Sanit\u00e0, Lunigiana, Bugliani (Pd): \u201cServizio di mammografia resta in Lunigiana\u201d"},"content":{"rendered":"<p><img loading=\"lazy\" decoding=\"async\" class=\"size-full wp-image-4362 alignleft\" src=\"http:\/\/www.gruppopdregionetoscana.it\/web\/wp-content\/uploads\/2013\/07\/ospedale.jpg\" alt=\"ospedale\" width=\"258\" height=\"195\" \/>\u201cNessun rischio sparizione del servizio di mammografia dagli ospedali lunigianesi; solo un\u2019improvvisa messa fuori uso dei macchinari, \u00e8 in arrivo un nuovo mammografo digitale di ultima generazione a Pontremoli, struttura ove vi \u00e8 il numero pi\u00f9 elevato di richieste, cos\u00ec come un altro macchinario adatto, in grado di fare anche tomo sintesi, \u00e8 stato mandato dall\u2019Asl all\u2019ospedale di Fivizzano\u201d. Cos\u00ec <strong>Giacomo Bugliani<\/strong>, consigliere regionale Pd, smentendo le notizie circolate nei giorni scorsi, dopo essersi confrontato e aver verificato la situazione con la Asl e l\u2019assessorato alla Sanit\u00e0, rassicura i cittadini sulla possibilit\u00e0 di svolgere lo screening mammografico nei presidi ospedalieri della Lunigiana.<\/p>\n<p>\u201cVenuto a conoscenza della questione, mi sono rapidamente attivato, trovando immediata collaborazione nell\u2019assessore Saccardi e nella direttrice asl De Lauretis, che mi hanno chiarito la questione, precisando che si trattava di una situazione transitoria dovuta a una strumentazione carente, che presto sar\u00e0 integrata ad hoc. \u2013 spiega Bugliani \u2013 Tengo a precisare ai cittadini che da parte della Regione non c\u2019\u00e8 nessuna intenzione di depotenziare servizi nei territori montani; \u00e8 comprensibile la preoccupazione di chi vive in aree gi\u00e0 di per s\u00e9 penalizzate sotto vari aspetti ma \u00e8 proprio per questo che l\u2019impegno deve essere e sar\u00e0 massimo per garantire prestazioni adeguate. La riforma sanitaria approvata a fine 2015 conteneva gi\u00e0 al suo interno un esplicito riferimento alle aree montane e insulari, sottolineando la necessit\u00e0 di mantenere per esse un\u2019attenzione costante. Il nostro lavoro sar\u00e0 quindi improntato a portare avanti questo principio al meglio\u201d.<\/p>\n","protected":false},"excerpt":{"rendered":"<p>\u201cNessun rischio sparizione del servizio di mammografia dagli ospedali lunigianesi; solo un\u2019improvvisa messa fuori uso dei macchinari, \u00e8 in arrivo un nuovo mammografo digitale di ultima generazione a Pontremoli, struttura ove vi \u00e8 il numero pi\u00f9 elevato di richieste, cos\u00ec come un altro macchinario adatto, in grado di fare anche tomo sintesi, \u00e8 stato mandato [&hellip;]<\/p>\n","protected":false},"author":1,"featured_media":0,"comment_status":"closed","ping_status":"closed","sticky":false,"template":"","format":"standard","meta":{"_jetpack_memberships_contains_paid_content":false,"footnotes":""},"categories":[1],"tags":[],"class_list":{"0":"post-12644","1":"post","2":"type-post","3":"status-publish","4":"format-standard","6":"category-proposte-di-legge","7":"czr-hentry"},"jetpack_featured_media_url":"","jetpack_sharing_enabled":true,"_links":{"self":[{"href":"https:\/\/www.gruppopdregionetoscana.it\/web\/wp-json\/wp\/v2\/posts\/12644","targetHints":{"allow":["GET"]}}],"collection":[{"href":"https:\/\/www.gruppopdregionetoscana.it\/web\/wp-json\/wp\/v2\/posts"}],"about":[{"href":"https:\/\/www.gruppopdregionetoscana.it\/web\/wp-json\/wp\/v2\/types\/post"}],"author":[{"embeddable":true,"href":"https:\/\/www.gruppopdregionetoscana.it\/web\/wp-json\/wp\/v2\/users\/1"}],"replies":[{"embeddable":true,"href":"https:\/\/www.gruppopdregionetoscana.it\/web\/wp-json\/wp\/v2\/comments?post=12644"}],"version-history":[{"count":0,"href":"https:\/\/www.gruppopdregionetoscana.it\/web\/wp-json\/wp\/v2\/posts\/12644\/revisions"}],"wp:attachment":[{"href":"https:\/\/www.gruppopdregionetoscana.it\/web\/wp-json\/wp\/v2\/media?parent=12644"}],"wp:term":[{"taxonomy":"category","embeddable":true,"href":"https:\/\/www.gruppopdregionetoscana.it\/web\/wp-json\/wp\/v2\/categories?post=12644"},{"taxonomy":"post_tag","embeddable":true,"href":"https:\/\/www.gruppopdregionetoscana.it\/web\/wp-json\/wp\/v2\/tags?post=12644"}],"curies":[{"name":"wp","href":"https:\/\/api.w.org\/{rel}","templated":true}]}}