{"id":12654,"date":"2016-04-07T17:20:09","date_gmt":"2016-04-07T15:20:09","guid":{"rendered":"http:\/\/www.gruppopdregionetoscana.it\/web\/?p=12654"},"modified":"2016-04-07T17:20:09","modified_gmt":"2016-04-07T15:20:09","slug":"guess-monia-monni-pd-anche-la-regione-e-pronta-a-fare-la-sua-parte-necessario-tenere-alta-lattenzione-sullintera-vicenda-2","status":"publish","type":"post","link":"https:\/\/www.gruppopdregionetoscana.it\/web\/guess-monia-monni-pd-anche-la-regione-e-pronta-a-fare-la-sua-parte-necessario-tenere-alta-lattenzione-sullintera-vicenda-2\/","title":{"rendered":"Guess, Monia Monni (PD)  \u201cAnche la Regione \u00e8 pronta a fare la sua parte. Necessario tenere alta l\u2019attenzione sull\u2019intera vicenda\u201d"},"content":{"rendered":"<p><i><span style=\"font-family: 'Times New Roman','serif'; font-size: 14pt;\"><span style=\"color: #000000;\">Mozione della vice capogruppo: \u201cAbbiamo il dovere di tutelare i lavoratori e la loro alta professionalit\u00e0\u201d<\/span><\/span><\/i><\/p>\n<p><span style=\"font-family: 'Times New Roman','serif'; font-size: 14pt;\"><span style=\"color: #000000;\">\u00a0\u201cHo voluto coinvolgere formalmente la Regione sul delicato tema della delocalizzazione che toccher\u00e0 le funzioni sviluppo, prodotto e stile di Guess, attualmente gestite nello stabilimento dell\u2019Osmannoro. Avevo promesso alle lavoratrici ed ai lavoratori il mio personale impegno per portare il tema all\u2019attenzione della Giunta regionale e cos\u00ec ho fatto\u201d. Cos\u00ec <b>la vice capogruppo del Pd in Consiglio regionale Monia Monni<\/b><\/span><span style=\"color: #000000;\"> che ha presentato con urgenza\u00a0 una mozione \u201cin cui \u2013 <\/span><b><span style=\"color: #000000;\">spiega Monni<\/span><\/b><span style=\"color: #000000;\">&#8211; si manifesta la nostra contrariet\u00e0 assoluta alla delocalizzazione in Svizzera e, contestualmente, chiede alla Regione Toscana di attivarsi prontamente per informare il Governo e sostenere la Citt\u00e0 Metropolitana nella tutela del personale dello stabilimento Guess\u201d.<\/span><\/span><\/p>\n<p><span style=\"font-family: 'Times New Roman','serif'; font-size: 14pt;\"><span style=\"color: #000000;\">\u201cAbbiamo il dovere \u2013 prosegue <b>Monia Monni<\/b><\/span><span style=\"color: #000000;\">&#8211; di difendere i nostri lavoratori che, con la propria professionalit\u00e0, come anche nel caso di Guess, dimostrano di avere quelle capacit\u00e0 che sono in grado di far fare un netto salto di qualit\u00e0 alle aziende stesse. Non \u00e8 ammissibile un atteggiamento come quello assunto dai vertici dell\u2019azienda perch\u00e9 non si pu\u00f2 giocare, in questo modo, con la vita delle persone. La Regione- conclude la vice presidente del gruppo del Partito democratico-, sino ad oggi, non era stata chiamata in causa ma sono certa che, cos\u00ec come \u00e8 stato fatto in molte altre circostanze, l\u2019impegno sar\u00e0 totale per porre in essere tutte le azioni possibili per scongiurare il trasferimento dello stabilimento dall\u2019Osmannoro alla Svizzera\u201d. <\/span><\/span><\/p>\n<p><span style=\"font-family: 'Times New Roman','serif'; font-size: 14pt;\"><span style=\"color: #000000;\">\u00a0<\/span><\/span><\/p>\n<p>&nbsp;<\/p>\n","protected":false},"excerpt":{"rendered":"<p>Mozione della vice capogruppo: \u201cAbbiamo il dovere di tutelare i lavoratori e la loro alta professionalit\u00e0\u201d \u00a0\u201cHo voluto coinvolgere formalmente la Regione sul delicato tema della delocalizzazione che toccher\u00e0 le funzioni sviluppo, prodotto e stile di Guess, attualmente gestite nello stabilimento dell\u2019Osmannoro. Avevo promesso alle lavoratrici ed ai lavoratori il mio personale impegno per portare [&hellip;]<\/p>\n","protected":false},"author":1,"featured_media":12655,"comment_status":"closed","ping_status":"closed","sticky":false,"template":"","format":"standard","meta":{"_jetpack_memberships_contains_paid_content":false,"footnotes":""},"categories":[30,955],"tags":[],"class_list":{"0":"post-12654","1":"post","2":"type-post","3":"status-publish","4":"format-standard","5":"has-post-thumbnail","7":"category-comunicati-stampa","8":"category-monia-monni","9":"czr-hentry"},"jetpack_featured_media_url":"https:\/\/www.gruppopdregionetoscana.it\/web\/wp-content\/uploads\/2016\/04\/guess.jpg","jetpack_sharing_enabled":true,"_links":{"self":[{"href":"https:\/\/www.gruppopdregionetoscana.it\/web\/wp-json\/wp\/v2\/posts\/12654","targetHints":{"allow":["GET"]}}],"collection":[{"href":"https:\/\/www.gruppopdregionetoscana.it\/web\/wp-json\/wp\/v2\/posts"}],"about":[{"href":"https:\/\/www.gruppopdregionetoscana.it\/web\/wp-json\/wp\/v2\/types\/post"}],"author":[{"embeddable":true,"href":"https:\/\/www.gruppopdregionetoscana.it\/web\/wp-json\/wp\/v2\/users\/1"}],"replies":[{"embeddable":true,"href":"https:\/\/www.gruppopdregionetoscana.it\/web\/wp-json\/wp\/v2\/comments?post=12654"}],"version-history":[{"count":0,"href":"https:\/\/www.gruppopdregionetoscana.it\/web\/wp-json\/wp\/v2\/posts\/12654\/revisions"}],"wp:featuredmedia":[{"embeddable":true,"href":"https:\/\/www.gruppopdregionetoscana.it\/web\/wp-json\/wp\/v2\/media\/12655"}],"wp:attachment":[{"href":"https:\/\/www.gruppopdregionetoscana.it\/web\/wp-json\/wp\/v2\/media?parent=12654"}],"wp:term":[{"taxonomy":"category","embeddable":true,"href":"https:\/\/www.gruppopdregionetoscana.it\/web\/wp-json\/wp\/v2\/categories?post=12654"},{"taxonomy":"post_tag","embeddable":true,"href":"https:\/\/www.gruppopdregionetoscana.it\/web\/wp-json\/wp\/v2\/tags?post=12654"}],"curies":[{"name":"wp","href":"https:\/\/api.w.org\/{rel}","templated":true}]}}