{"id":12661,"date":"2016-04-08T13:02:02","date_gmt":"2016-04-08T11:02:02","guid":{"rendered":"http:\/\/www.gruppopdregionetoscana.it\/web\/?p=12661"},"modified":"2016-04-08T13:02:02","modified_gmt":"2016-04-08T11:02:02","slug":"ex-salina-volterra-mazzeo-pieroni-e-nardini-pd-preoccupati-per-lavoratori-locatelli-spieghi-intenzioni-porteremo-il-caso-in-consiglio-e-incontreremo-i-sindacati","status":"publish","type":"post","link":"https:\/\/www.gruppopdregionetoscana.it\/web\/ex-salina-volterra-mazzeo-pieroni-e-nardini-pd-preoccupati-per-lavoratori-locatelli-spieghi-intenzioni-porteremo-il-caso-in-consiglio-e-incontreremo-i-sindacati\/","title":{"rendered":"Ex Salina, Volterra; Mazzeo, Pieroni\u00a0e Nardini (Pd): \u201cPreoccupati per lavoratori. Locatelli spieghi intenzioni. Porteremo il caso in Consiglio e incontreremo i sindacati\u201d"},"content":{"rendered":"<p><em><img loading=\"lazy\" decoding=\"async\" class=\"alignleft size-medium wp-image-11530\" src=\"http:\/\/www.gruppopdregionetoscana.it\/web\/wp-content\/uploads\/2015\/11\/mazzeo-nardini-pieroni1-300x135.jpg\" alt=\"mazzeo-nardini-pieroni\" width=\"300\" height=\"135\" srcset=\"https:\/\/www.gruppopdregionetoscana.it\/web\/wp-content\/uploads\/2015\/11\/mazzeo-nardini-pieroni1-300x135.jpg 300w, https:\/\/www.gruppopdregionetoscana.it\/web\/wp-content\/uploads\/2015\/11\/mazzeo-nardini-pieroni1.jpg 700w\" sizes=\"auto, (max-width: 300px) 100vw, 300px\" \/>I consiglieri regionali del Partito democratico esprimono solidariet\u00e0 ai dipendenti licenziati e annunciano una mozione per chiedere alla Giunta di verificare situazione e intenzioni della propriet\u00e0<\/em><\/p>\n<p><em>\u00a0<\/em><\/p>\n<p><em>\u00a0<\/em>\u201cQuello che sta accadendo alla Locatelli ci preoccupa sempre di pi\u00f9. Nell\u2019arco di una settimana sono state licenziate tre persone, due delle quali, ricordiamo, erano appena rientrate dalla maternit\u00e0. Siamo sconcertati e cos\u00ec come abbiamo fatto la settimana scorsa, esprimiamo solidariet\u00e0 ai dipendenti e alle loro famiglie. Porteremo il caso tra i banchi del Consiglio regionale e nei prossimi giorni chiederemo un incontro con i sindacati per approfondire al meglio la situazione\u201d, cos\u00ec <strong>Antonio Mazzeo, Andrea Pieroni e Alessandra Nardini consiglieri regionali del Partito democratico<\/strong>, intervengono sulla situazione dell\u2019ex Salina di Volterra, nel corso della tappa pisana della Commissione Costa; con la quale organizzeranno incontri anche in Val di Cecina.<\/p>\n<p>&nbsp;<\/p>\n<p>\u201cA questo punto chiediamo alla propriet\u00e0 di scoprire le carte e di chiarire una volta per tutte le intenzioni per lo stabilimento volterrano, rilevato, ci teniamo a sottolineare, non senza un contributo e un impegno preciso da parte della Regione Toscana che nei mesi scorsi, tra le altre cose,\u00a0aveva messo a punto un piano di rientro del debito che l\u2019azienda aveva contratto con Eni ed Enel, ed \u00e8 parte attiva nell\u2019accompagnare e favorire l\u2019arrivo di nuovi partner industriali \u2013 continuano <strong>Mazzeo, Pieroni e Nardini<\/strong> &#8211; Porteremo la questione tra i banchi del Consiglio regionale, presentando\u00a0a breve giro una mozione per chiedere alla Giunta un \u00a0monitoraggio speciale su ci\u00f2 che sta accadendo allo stabilimento e per verificare le intenzioni del marchio. Quello di Saline di Volterra \u00e8 un presidio che non abbiamo nessuna intenzione di veder indebolire sottotraccia, senza alcun tipo di spiegazione e progettualit\u00e0 per il futuro. Da una parte siamo di fronte a uno svuotamento progressivo di competenze, dall\u2019altra, a un incremento del personale. L\u2019atteggiamento \u00e8 incoerente e schizofrenico: inasprisce i rapporti e indebolisce la dialettica di questo passaggio. Metteremo in campo tutti gli strumenti necessari per uscire da questa fase di incertezze e di ingiustizie\u201d.<\/p>\n","protected":false},"excerpt":{"rendered":"<p>I consiglieri regionali del Partito democratico esprimono solidariet\u00e0 ai dipendenti licenziati e annunciano una mozione per chiedere alla Giunta di verificare situazione e intenzioni della propriet\u00e0 \u00a0 \u00a0\u201cQuello che sta accadendo alla Locatelli ci preoccupa sempre di pi\u00f9. Nell\u2019arco di una settimana sono state licenziate tre persone, due delle quali, ricordiamo, erano appena rientrate dalla [&hellip;]<\/p>\n","protected":false},"author":1,"featured_media":11530,"comment_status":"closed","ping_status":"closed","sticky":false,"template":"","format":"standard","meta":{"_jetpack_memberships_contains_paid_content":false,"footnotes":""},"categories":[968,970,966,30],"tags":[],"class_list":{"0":"post-12661","1":"post","2":"type-post","3":"status-publish","4":"format-standard","5":"has-post-thumbnail","7":"category-alessandra-nardini","8":"category-andrea-pieroni","9":"category-antonio-mazzeo","10":"category-comunicati-stampa","11":"czr-hentry"},"jetpack_featured_media_url":"https:\/\/www.gruppopdregionetoscana.it\/web\/wp-content\/uploads\/2015\/11\/mazzeo-nardini-pieroni1.jpg","jetpack_sharing_enabled":true,"_links":{"self":[{"href":"https:\/\/www.gruppopdregionetoscana.it\/web\/wp-json\/wp\/v2\/posts\/12661","targetHints":{"allow":["GET"]}}],"collection":[{"href":"https:\/\/www.gruppopdregionetoscana.it\/web\/wp-json\/wp\/v2\/posts"}],"about":[{"href":"https:\/\/www.gruppopdregionetoscana.it\/web\/wp-json\/wp\/v2\/types\/post"}],"author":[{"embeddable":true,"href":"https:\/\/www.gruppopdregionetoscana.it\/web\/wp-json\/wp\/v2\/users\/1"}],"replies":[{"embeddable":true,"href":"https:\/\/www.gruppopdregionetoscana.it\/web\/wp-json\/wp\/v2\/comments?post=12661"}],"version-history":[{"count":0,"href":"https:\/\/www.gruppopdregionetoscana.it\/web\/wp-json\/wp\/v2\/posts\/12661\/revisions"}],"wp:featuredmedia":[{"embeddable":true,"href":"https:\/\/www.gruppopdregionetoscana.it\/web\/wp-json\/wp\/v2\/media\/11530"}],"wp:attachment":[{"href":"https:\/\/www.gruppopdregionetoscana.it\/web\/wp-json\/wp\/v2\/media?parent=12661"}],"wp:term":[{"taxonomy":"category","embeddable":true,"href":"https:\/\/www.gruppopdregionetoscana.it\/web\/wp-json\/wp\/v2\/categories?post=12661"},{"taxonomy":"post_tag","embeddable":true,"href":"https:\/\/www.gruppopdregionetoscana.it\/web\/wp-json\/wp\/v2\/tags?post=12661"}],"curies":[{"name":"wp","href":"https:\/\/api.w.org\/{rel}","templated":true}]}}