{"id":12663,"date":"2016-04-09T12:14:06","date_gmt":"2016-04-09T10:14:06","guid":{"rendered":"http:\/\/www.gruppopdregionetoscana.it\/web\/?p=12663"},"modified":"2016-04-09T12:14:24","modified_gmt":"2016-04-09T10:14:24","slug":"pisa-nel-piano-di-sviluppo-della-costa-toscana-ieri-a-cascina-la-tappa-pisana-del-tour-promosso-dal-gruppo-pd-in-regione","status":"publish","type":"post","link":"https:\/\/www.gruppopdregionetoscana.it\/web\/pisa-nel-piano-di-sviluppo-della-costa-toscana-ieri-a-cascina-la-tappa-pisana-del-tour-promosso-dal-gruppo-pd-in-regione\/","title":{"rendered":"Pisa nel piano di sviluppo della costa toscana, ieri a Cascina la tappa pisana del tour promosso dal gruppo Pd in Regione"},"content":{"rendered":"<div style=\"text-align: justify;\"><span style=\"font-family: Calibri, sans-serif; font-size: small;\"><span style=\"font-family: Calibri, sans-serif; font-size: large;\"><b><br \/>\n<\/b><\/span><\/span><i><\/i><span style=\"font-family: 'Segoe UI', Helvetica, Arial, sans-serif; font-size: medium;\"><span style=\"font-family: Calibri, sans-serif; font-size: medium;\">\u201cI tanti progetti di rilancio e di riqualificazione della nostra provincia si stanno finalmente realizzando. Questo \u00e8 un momento cruciale per Pisa e per la costa perch\u00e9 grazie anche grazie all&#8217;impegno del gruppo PD in Consiglio Regionale, in meno di 10 mesi siamo riusciti a portare sul nostro territorio risorse pari a circa 25 milioni di euro, tra sanit\u00e0, cultura e infrastrutture e a sbloccare progetti che erano fermi da anni. Adesso il nostro impegno per questo territorio proseguir\u00e0 su tre priorit\u00e0: il lavoro, da difendere e da creare, le infrastrutture, da completare o da migliorare per garantire migliori collegamenti tanto con la Toscana centrale quanto tra le zone costiere e quelle interne della provincia, l&#8217;innovazione, attraverso l&#8217;unificazione dei poli tecnologici e n nuovo rapporto tra citt\u00e0 e universit\u00e0. I buoni risultati che stiamo ottenendo sono un esempio virtuoso di come si utilizzano bene i fondi regionali e comunitari e di come si possa giungere a un lieto fine anche nelle vertenze pi\u00f9 difficili come quella della Zetaplast, che si \u00e8 risolta positivamente proprio nei giorni scorsi. Abbiamo l\u2019ambizione di credere che tutto questo sia solo l\u2019inizio. Quello della razionalizzazione delle risorse e dell&#8217;efficientamento dei servizi \u00e8 e sar\u00e0 la nostra bussola e la proposta di risoluzione approvata mercoled\u00ec in consiglio regionale, ci sar\u00e0 un potenziamento degli incentivi e una premialit\u00e0 nei bandi per le realt\u00e0 che decideranno di fondersi, un percorso che liberer\u00e0 risorse importanti e vantaggiose .\u201d<\/p>\n<div style=\"text-align: justify;\" align=\"justify\"><\/div>\n<p><img loading=\"lazy\" decoding=\"async\" class=\"wp-image-12665 size-large aligncenter\" src=\"http:\/\/www.gruppopdregionetoscana.it\/web\/wp-content\/uploads\/2016\/04\/photo766840482439473075-1024x208.jpg\" alt=\"pisa costa cascina sala\" width=\"1024\" height=\"208\" srcset=\"https:\/\/www.gruppopdregionetoscana.it\/web\/wp-content\/uploads\/2016\/04\/photo766840482439473075-1024x208.jpg 1024w, https:\/\/www.gruppopdregionetoscana.it\/web\/wp-content\/uploads\/2016\/04\/photo766840482439473075-300x61.jpg 300w, https:\/\/www.gruppopdregionetoscana.it\/web\/wp-content\/uploads\/2016\/04\/photo766840482439473075.jpg 1599w\" sizes=\"auto, (max-width: 1024px) 100vw, 1024px\" \/><\/span><\/span><\/div>\n<div style=\"text-align: justify;\" align=\"justify\"><\/div>\n<div style=\"text-align: justify;\" align=\"justify\"><span style=\"font-family: 'Segoe UI', Helvetica, Arial, sans-serif; font-size: medium;\"><span style=\"font-family: Calibri, sans-serif; font-size: medium;\">Cos\u00ec i consiglieri regionali PD\u00a0<\/span><span style=\"font-family: Calibri, sans-serif; font-size: medium;\"><b>Antonio Mazzeo, Alessandra Nardini\u00a0<\/b><\/span><span style=\"font-family: Calibri, sans-serif; font-size: medium;\">e<\/span><span style=\"font-family: Calibri, sans-serif; font-size: medium;\"><b>\u00a0Andrea Pieroni\u00a0<\/b><\/span><span style=\"font-family: Calibri, sans-serif; font-size: medium;\">che hanno preso parte ieri alla tappa pisana del tour sulla costa promosso dal gruppo consiliare dei democratici in Regione e che hanno promosso una iniziativa molto partecipata all&#8217;interno del Polo Tecnologico di Navacchio.<\/span><\/span><\/div>\n<div style=\"text-align: justify;\" align=\"justify\"><span style=\"font-family: 'Segoe UI', Helvetica, Arial, sans-serif; font-size: medium;\"><span style=\"font-family: Calibri, sans-serif; font-size: medium;\">\u00a0<\/span><\/span><\/div>\n<div style=\"text-align: justify;\" align=\"justify\"><span style=\"font-family: 'Segoe UI', Helvetica, Arial, sans-serif; font-size: medium;\"><span style=\"font-family: Calibri, sans-serif; font-size: medium;\">&#8220;Il nostro supporto nei confronti dell\u2019occupazione e delle realt\u00e0 produttive del territorio \u00e8 e sar\u00e0 sempre una priorit\u00e0 \u2013 proseguono i consiglieri pisani &#8211; salvaguardare prima di tutto il livello occupazionale attuale incrementando nuova occupazione, solo cos\u00ec si arriver\u00e0 a un reale sviluppo. C\u2019\u00e8 poi tutto l\u2019indotto che corre lungo l\u2019asse dell\u2019Arno: bisogna assolutamente costruire quel grande progetto di sviluppo urbano che in sinergia con Firenze valorizzi tutte le eccellenze presenti in quell\u2019area, a partire dalla Valdera e dal Distretto del Cuoio, passando per la geotermia in Val di Cecina&#8221;.<\/span><\/span><\/div>\n<div style=\"text-align: justify;\" align=\"justify\"><span style=\"font-family: 'Segoe UI', Helvetica, Arial, sans-serif; font-size: medium;\"><span style=\"font-family: Calibri, sans-serif; font-size: medium;\">\u00a0<\/span><\/span><\/div>\n<div style=\"text-align: justify;\" align=\"justify\"><span style=\"font-family: 'Segoe UI', Helvetica, Arial, sans-serif; font-size: medium;\"><span style=\"font-family: Calibri, sans-serif; font-size: medium;\">Un accenno, infine, alle prossime elezioni amministrative che vedranno al voto 4 Comuni dell&#8217;area pisana. &#8220;Servir\u00e0 l&#8217;impegno forte e coeso di tutto il Partito Democratico &#8211; hanno condiviso i tre consiglieri &#8211; ma se il PD far\u00e0 il PD siamo sicuri di poter confermare i nostri sindaci in tutti i comuni che andranno al voto. E&#8217; un obiettivo che dobbiamo assolutamente raggiungere per poter continuare a portare avanti quel lavoro in sinergia tra Regione e amministrazioni locali che sar\u00e0 sempre pi\u00f9 importante anche alla luce del processo di riassetto istituzionale iniziato a livello nazionale e che dovremo tradurre anche sul livello locale&#8221;.<\/span><\/span><\/div>\n","protected":false},"excerpt":{"rendered":"<p>\u201cI tanti progetti di rilancio e di riqualificazione della nostra provincia si stanno finalmente realizzando. Questo \u00e8 un momento cruciale per Pisa e per la costa perch\u00e9 grazie anche grazie all&#8217;impegno del gruppo PD in Consiglio Regionale, in meno di 10 mesi siamo riusciti a portare sul nostro territorio risorse pari a circa 25 milioni [&hellip;]<\/p>\n","protected":false},"author":1,"featured_media":12664,"comment_status":"closed","ping_status":"closed","sticky":false,"template":"","format":"standard","meta":{"_jetpack_memberships_contains_paid_content":false,"footnotes":""},"categories":[968,970,966,30],"tags":[1300,1043,409,180,36],"class_list":{"0":"post-12663","1":"post","2":"type-post","3":"status-publish","4":"format-standard","5":"has-post-thumbnail","7":"category-alessandra-nardini","8":"category-andrea-pieroni","9":"category-antonio-mazzeo","10":"category-comunicati-stampa","11":"tag-casina","12":"tag-costa","13":"tag-gruppo-pd","14":"tag-pisa","15":"tag-toscana","16":"czr-hentry"},"jetpack_featured_media_url":"https:\/\/www.gruppopdregionetoscana.it\/web\/wp-content\/uploads\/2016\/04\/photo766840482439473074.jpg","jetpack_sharing_enabled":true,"_links":{"self":[{"href":"https:\/\/www.gruppopdregionetoscana.it\/web\/wp-json\/wp\/v2\/posts\/12663","targetHints":{"allow":["GET"]}}],"collection":[{"href":"https:\/\/www.gruppopdregionetoscana.it\/web\/wp-json\/wp\/v2\/posts"}],"about":[{"href":"https:\/\/www.gruppopdregionetoscana.it\/web\/wp-json\/wp\/v2\/types\/post"}],"author":[{"embeddable":true,"href":"https:\/\/www.gruppopdregionetoscana.it\/web\/wp-json\/wp\/v2\/users\/1"}],"replies":[{"embeddable":true,"href":"https:\/\/www.gruppopdregionetoscana.it\/web\/wp-json\/wp\/v2\/comments?post=12663"}],"version-history":[{"count":0,"href":"https:\/\/www.gruppopdregionetoscana.it\/web\/wp-json\/wp\/v2\/posts\/12663\/revisions"}],"wp:featuredmedia":[{"embeddable":true,"href":"https:\/\/www.gruppopdregionetoscana.it\/web\/wp-json\/wp\/v2\/media\/12664"}],"wp:attachment":[{"href":"https:\/\/www.gruppopdregionetoscana.it\/web\/wp-json\/wp\/v2\/media?parent=12663"}],"wp:term":[{"taxonomy":"category","embeddable":true,"href":"https:\/\/www.gruppopdregionetoscana.it\/web\/wp-json\/wp\/v2\/categories?post=12663"},{"taxonomy":"post_tag","embeddable":true,"href":"https:\/\/www.gruppopdregionetoscana.it\/web\/wp-json\/wp\/v2\/tags?post=12663"}],"curies":[{"name":"wp","href":"https:\/\/api.w.org\/{rel}","templated":true}]}}