{"id":12791,"date":"2016-05-03T19:20:33","date_gmt":"2016-05-03T17:20:33","guid":{"rendered":"http:\/\/www.gruppopdregionetoscana.it\/web\/?p=12791"},"modified":"2016-05-03T19:20:33","modified_gmt":"2016-05-03T17:20:33","slug":"modifiche-alla-legge-sul-servizio-civile-regionale-bugetti-pd-importante-ampliare-il-raggio-dazione","status":"publish","type":"post","link":"https:\/\/www.gruppopdregionetoscana.it\/web\/modifiche-alla-legge-sul-servizio-civile-regionale-bugetti-pd-importante-ampliare-il-raggio-dazione\/","title":{"rendered":"Modifiche alla Legge sul Servizio Civile regionale, Bugetti (Pd): \u201cImportante ampliare il raggio d\u2019azione\u201d"},"content":{"rendered":"<p>&nbsp;<\/p>\n<p><span style=\"color: #000000;\"><img loading=\"lazy\" decoding=\"async\" class=\"alignleft size-medium wp-image-12795\" src=\"http:\/\/www.gruppopdregionetoscana.it\/web\/wp-content\/uploads\/2016\/05\/Marchio_serv_civ_reg-296x300.jpg\" alt=\"Marchio_serv_civ_reg\" width=\"296\" height=\"300\" srcset=\"https:\/\/www.gruppopdregionetoscana.it\/web\/wp-content\/uploads\/2016\/05\/Marchio_serv_civ_reg-296x300.jpg 296w, https:\/\/www.gruppopdregionetoscana.it\/web\/wp-content\/uploads\/2016\/05\/Marchio_serv_civ_reg.jpg 336w\" sizes=\"auto, (max-width: 296px) 100vw, 296px\" \/>\u00abAmpliare il raggio d\u2019azione e quindi dare la possibilit\u00e0 a un maggior numero di giovani e pi\u00f9 associazioni ed enti di usufruire del servizio civile, cogliendo la specificit\u00e0 dei beni culturali, \u00e8 una buona cosa e per questo abbiamo deciso di sostenere la proposta illustrata dal vicepresidente Stella, alla quale abbiamo lavorato insieme in commissione\u00bb.<\/span><\/p>\n<p><span style=\"color: #000000;\">Lo ha detto <strong>Ilaria Bugetti<\/strong>, consigliera regionale Pd, intervenendo in aula per motivare il voto favorevole del gruppo democratico alle modifiche alla legge &#8220;Istituzione del servizio civile regionale&#8221;.<\/span><\/p>\n<p><span style=\"color: #000000;\">\u00abDobbiamo continuare ad incrementare gli sforzi in questo settore \u2013 ha spiegato Bugetti \u2013 nel solco della nostra tradizione che ci ha sempre visti dialogare con gli enti, con le associazioni e soprattutto con i ragazzi, che sempre di pi\u00f9 devono vivere questa esperienza come un completamento culturale e professionale, in grado di portare anche benefici dal punto di vista dei crediti formativi per gli studi universitari\u00bb.<\/span><\/p>\n","protected":false},"excerpt":{"rendered":"<p>&nbsp; \u00abAmpliare il raggio d\u2019azione e quindi dare la possibilit\u00e0 a un maggior numero di giovani e pi\u00f9 associazioni ed enti di usufruire del servizio civile, cogliendo la specificit\u00e0 dei beni culturali, \u00e8 una buona cosa e per questo abbiamo deciso di sostenere la proposta illustrata dal vicepresidente Stella, alla quale abbiamo lavorato insieme in [&hellip;]<\/p>\n","protected":false},"author":1,"featured_media":12065,"comment_status":"closed","ping_status":"closed","sticky":false,"template":"","format":"standard","meta":{"_jetpack_memberships_contains_paid_content":false,"footnotes":""},"categories":[30,960],"tags":[688,1318,36],"class_list":{"0":"post-12791","1":"post","2":"type-post","3":"status-publish","4":"format-standard","5":"has-post-thumbnail","7":"category-comunicati-stampa","8":"category-ilaria-bugetti","9":"tag-beni-culturali","10":"tag-servizio-civile","11":"tag-toscana","12":"czr-hentry"},"jetpack_featured_media_url":"https:\/\/www.gruppopdregionetoscana.it\/web\/wp-content\/uploads\/2016\/02\/IlariaBugetti-1.jpg","jetpack_sharing_enabled":true,"_links":{"self":[{"href":"https:\/\/www.gruppopdregionetoscana.it\/web\/wp-json\/wp\/v2\/posts\/12791","targetHints":{"allow":["GET"]}}],"collection":[{"href":"https:\/\/www.gruppopdregionetoscana.it\/web\/wp-json\/wp\/v2\/posts"}],"about":[{"href":"https:\/\/www.gruppopdregionetoscana.it\/web\/wp-json\/wp\/v2\/types\/post"}],"author":[{"embeddable":true,"href":"https:\/\/www.gruppopdregionetoscana.it\/web\/wp-json\/wp\/v2\/users\/1"}],"replies":[{"embeddable":true,"href":"https:\/\/www.gruppopdregionetoscana.it\/web\/wp-json\/wp\/v2\/comments?post=12791"}],"version-history":[{"count":0,"href":"https:\/\/www.gruppopdregionetoscana.it\/web\/wp-json\/wp\/v2\/posts\/12791\/revisions"}],"wp:featuredmedia":[{"embeddable":true,"href":"https:\/\/www.gruppopdregionetoscana.it\/web\/wp-json\/wp\/v2\/media\/12065"}],"wp:attachment":[{"href":"https:\/\/www.gruppopdregionetoscana.it\/web\/wp-json\/wp\/v2\/media?parent=12791"}],"wp:term":[{"taxonomy":"category","embeddable":true,"href":"https:\/\/www.gruppopdregionetoscana.it\/web\/wp-json\/wp\/v2\/categories?post=12791"},{"taxonomy":"post_tag","embeddable":true,"href":"https:\/\/www.gruppopdregionetoscana.it\/web\/wp-json\/wp\/v2\/tags?post=12791"}],"curies":[{"name":"wp","href":"https:\/\/api.w.org\/{rel}","templated":true}]}}