{"id":12797,"date":"2016-05-04T12:32:44","date_gmt":"2016-05-04T10:32:44","guid":{"rendered":"http:\/\/www.gruppopdregionetoscana.it\/web\/?p=12797"},"modified":"2016-05-04T12:32:44","modified_gmt":"2016-05-04T10:32:44","slug":"sanita-peg-a-domicilio-dal-mugello-a-tutta-la-toscana-centro-la-soddisfazione-di-capirossi-e-saccardi","status":"publish","type":"post","link":"https:\/\/www.gruppopdregionetoscana.it\/web\/sanita-peg-a-domicilio-dal-mugello-a-tutta-la-toscana-centro-la-soddisfazione-di-capirossi-e-saccardi\/","title":{"rendered":"Sanit\u00e0, Peg a domicilio dal Mugello a tutta la Toscana Centro, la soddisfazione di Capirossi e Saccardi"},"content":{"rendered":"<p><img loading=\"lazy\" decoding=\"async\" class=\"alignleft size-medium wp-image-8970\" src=\"http:\/\/www.gruppopdregionetoscana.it\/web\/wp-content\/uploads\/2014\/09\/servizio-sanitario-toscano-300x164.jpg\" alt=\"servizio-sanitario-toscano\" width=\"300\" height=\"164\" srcset=\"https:\/\/www.gruppopdregionetoscana.it\/web\/wp-content\/uploads\/2014\/09\/servizio-sanitario-toscano-300x164.jpg 300w, https:\/\/www.gruppopdregionetoscana.it\/web\/wp-content\/uploads\/2014\/09\/servizio-sanitario-toscano.jpg 400w\" sizes=\"auto, (max-width: 300px) 100vw, 300px\" \/>\u201cLa gestione della Peg a domicilio per i pazienti malati di Alzheimer, Sla, demenza senile \u00e8 una buona pratica che passa dal Mugello a tutta la AUSL Toscana Centro. Un progetto che viene incontro principalmente alle necessit\u00e0 dei malati ma non solo di questi, \u00e8 infatti un aiuto importante anche per i familiari che se ne prendono cura\u201d. Cos\u00ec <strong>Fiammetta Capirossi<\/strong>, consigliera regionale mugellana del Partito Democratico commenta la notizia dell\u2019estensione del servizio PEG a domicilio dall&#8217;ospedale di Borgo San Lorenzo a tutta l\u2019Ausl Toscana Centro. \u201cE\u2019 l\u2019attenzione e la cura del malato che rappresenta da sempre il fiore all&#8217;occhiello della sanit\u00e0 toscana, al di l\u00e0 dei numeri e delle cifre dobbiamo sempre ricordare che al centro della sanit\u00e0 ci devono essere le esigenze del malato. Ringrazio poi \u00a0&#8211; prosegue <strong>Capirossi<\/strong> &#8211; quanti ogni giorno lavorano nel nostro ospedale perch\u00e9 \u00e8 grazie a loro se esperienze importanti come questa vengono poi estese ad altri territori. Il nostro Mugello dimostra ancora una volta di avere grandi eccellenze nel suo tessuto sociosanitario, una parte importante delle nostre comunit\u00e0 per cui in consiglio regionale ogni giorno cerchiamo di lavorare al meglio\u201d. Alla soddisfazione della consigliera PD si aggiunge quella dell\u2019assessore alla sanit\u00e0 <strong>Stefania Saccardi<\/strong>: \u201cSiamo di fronte a un&#8217;altra eccellenza della nostra sanit\u00e0 che d\u00e0 il meglio di s\u00e9 quando rappresenta un&#8217;opportunit\u00e0 facilmente accessibile e dunque utilizzabile per i cittadini. Una buona pratica che si sta espandendo ed \u00e8 destinata a essere un fiore all&#8217;occhiello per tutta la Toscana\u201d.<\/p>\n","protected":false},"excerpt":{"rendered":"<p>\u201cLa gestione della Peg a domicilio per i pazienti malati di Alzheimer, Sla, demenza senile \u00e8 una buona pratica che passa dal Mugello a tutta la AUSL Toscana Centro. Un progetto che viene incontro principalmente alle necessit\u00e0 dei malati ma non solo di questi, \u00e8 infatti un aiuto importante anche per i familiari che se [&hellip;]<\/p>\n","protected":false},"author":1,"featured_media":12798,"comment_status":"closed","ping_status":"closed","sticky":false,"template":"","format":"standard","meta":{"_jetpack_memberships_contains_paid_content":false,"footnotes":""},"categories":[30,962],"tags":[1320,112,621,1319,101,36],"class_list":{"0":"post-12797","1":"post","2":"type-post","3":"status-publish","4":"format-standard","5":"has-post-thumbnail","7":"category-comunicati-stampa","8":"category-fiammetta-capirossi","9":"tag-ausl-toscana-centro","10":"tag-borgo-san-lorenzo","11":"tag-mugello","12":"tag-peg","13":"tag-sanita","14":"tag-toscana","15":"czr-hentry"},"jetpack_featured_media_url":"https:\/\/www.gruppopdregionetoscana.it\/web\/wp-content\/uploads\/2016\/05\/capirossi-saccardi.png","jetpack_sharing_enabled":true,"_links":{"self":[{"href":"https:\/\/www.gruppopdregionetoscana.it\/web\/wp-json\/wp\/v2\/posts\/12797","targetHints":{"allow":["GET"]}}],"collection":[{"href":"https:\/\/www.gruppopdregionetoscana.it\/web\/wp-json\/wp\/v2\/posts"}],"about":[{"href":"https:\/\/www.gruppopdregionetoscana.it\/web\/wp-json\/wp\/v2\/types\/post"}],"author":[{"embeddable":true,"href":"https:\/\/www.gruppopdregionetoscana.it\/web\/wp-json\/wp\/v2\/users\/1"}],"replies":[{"embeddable":true,"href":"https:\/\/www.gruppopdregionetoscana.it\/web\/wp-json\/wp\/v2\/comments?post=12797"}],"version-history":[{"count":0,"href":"https:\/\/www.gruppopdregionetoscana.it\/web\/wp-json\/wp\/v2\/posts\/12797\/revisions"}],"wp:featuredmedia":[{"embeddable":true,"href":"https:\/\/www.gruppopdregionetoscana.it\/web\/wp-json\/wp\/v2\/media\/12798"}],"wp:attachment":[{"href":"https:\/\/www.gruppopdregionetoscana.it\/web\/wp-json\/wp\/v2\/media?parent=12797"}],"wp:term":[{"taxonomy":"category","embeddable":true,"href":"https:\/\/www.gruppopdregionetoscana.it\/web\/wp-json\/wp\/v2\/categories?post=12797"},{"taxonomy":"post_tag","embeddable":true,"href":"https:\/\/www.gruppopdregionetoscana.it\/web\/wp-json\/wp\/v2\/tags?post=12797"}],"curies":[{"name":"wp","href":"https:\/\/api.w.org\/{rel}","templated":true}]}}