{"id":12806,"date":"2016-05-04T15:12:03","date_gmt":"2016-05-04T13:12:03","guid":{"rendered":"http:\/\/www.gruppopdregionetoscana.it\/web\/?p=12806"},"modified":"2016-05-04T15:12:03","modified_gmt":"2016-05-04T13:12:03","slug":"guess-monni-pd-da-oggi-limpegno-sulla-vertenza-e-piu-forte-unanimita-del-consiglio-regionale-sulla-mozione-della-vice-capogruppo","status":"publish","type":"post","link":"https:\/\/www.gruppopdregionetoscana.it\/web\/guess-monni-pd-da-oggi-limpegno-sulla-vertenza-e-piu-forte-unanimita-del-consiglio-regionale-sulla-mozione-della-vice-capogruppo\/","title":{"rendered":"Guess, Monni (Pd): \u201cDa oggi l\u2019impegno sulla vertenza \u00e8 pi\u00f9 forte\u201d, unanimit\u00e0 del Consiglio regionale sulla mozione della vice capogruppo"},"content":{"rendered":"<p><span style=\"font-family: 'Times New Roman','serif'; font-size: 14pt;\"><span style=\"color: #000000;\">\u201cOggi in aula ho ribadito che il lavoro deve essere l&#8217;ossessione di questo Consiglio. Gi\u00e0 in passato Guess, di fronte a segnali di crisi, scelse di delocalizzare parte della produzione, a scapito della qualit\u00e0 del prodotto, tanto che quella scelta non solo non pag\u00f2, ma provoc\u00f2 un\u00a0 ulteriore calo delle vendite che si attest\u00f2, nel 2015, su una perdita del 15% del fatturato\u201d.\u00a0 Cos\u00ec <b>la vice capogruppo del Pd in Consiglio regionale Monia Monni<\/b><\/span><span style=\"color: #000000;\"> che stamani \u00e8 intervenuta in aula per presentare la mozione sulla Guess che ha avuto il via libera da tutte le forze politiche del Consiglio regionale. \u201cSono convinta \u2013 <\/span><b><span style=\"color: #000000;\">spiega Monni<\/span><\/b><span style=\"color: #000000;\">&#8211; che le imprese, come qualsiasi altro soggetto organizzato, non abbiano un&#8217;esistenza a se stante, ma si muovono in un tessuto sociale al quale sono legate da un sistema di responsabilit\u00e0 reciproche. \u00c8 grazie al territorio ed alle sue istituzioni oltre che, ovviamente , a tutte le donne e agli uomini ed al loro saper fare che Guess \u00e8 cresciuta e si \u00e8 affermata come brand internazionale, passando dalla produzione di un prodotto economico ad uno di fascia pi\u00f9\u00a0 alta. Ma quel dialogo con territorio, istituzioni , lavoratrici e lavoratori che accresce motivazioni e quindi produttivit\u00e0, che migliora autorevolezza e reputazione dell&#8217;impresa e genera valore aggiunto, nel caso di Guess \u00e8 venuto a mancare. Modalit\u00e0 discutibili di relazione con i dipendenti, con il tentativo di procedere a negoziazioni personali lesive della dignit\u00e0 del lavoratore, scarsa disponibilit\u00e0 a garantire un&#8217;interlocuzione sufficientemente autorevole sia al tavolo di crisi della Citt\u00e0 Metropolitana che al MISE ci lasciano sconcertati. Ma non ci fermeremo- <\/span><b><span style=\"color: #000000;\">conclude Monni<\/span><\/b><span style=\"color: #000000;\">&#8211; \u00a0e dopo l&#8217;approvazione unanime della mia mozione il presidente Rossi sar\u00e0 ancora pi\u00f9 legittimato a sostenere con forza e determinazione la vertenza delle lavoratrici e dei lavoratori Guess\u201d.<\/span><\/span><\/p>\n<p><span style=\"font-family: 'Times New Roman','serif'; font-size: 14pt;\"><span style=\"color: #000000;\">\u00a0<\/span><\/span><\/p>\n<p><span style=\"font-family: 'Times New Roman','serif'; font-size: 14pt;\"><span style=\"color: #000000;\">\u00a0<\/span><\/span><\/p>\n<p>&nbsp;<\/p>\n","protected":false},"excerpt":{"rendered":"<p>\u201cOggi in aula ho ribadito che il lavoro deve essere l&#8217;ossessione di questo Consiglio. Gi\u00e0 in passato Guess, di fronte a segnali di crisi, scelse di delocalizzare parte della produzione, a scapito della qualit\u00e0 del prodotto, tanto che quella scelta non solo non pag\u00f2, ma provoc\u00f2 un\u00a0 ulteriore calo delle vendite che si attest\u00f2, nel [&hellip;]<\/p>\n","protected":false},"author":1,"featured_media":12804,"comment_status":"closed","ping_status":"closed","sticky":false,"template":"","format":"standard","meta":{"_jetpack_memberships_contains_paid_content":false,"footnotes":""},"categories":[30,955],"tags":[],"class_list":{"0":"post-12806","1":"post","2":"type-post","3":"status-publish","4":"format-standard","5":"has-post-thumbnail","7":"category-comunicati-stampa","8":"category-monia-monni","9":"czr-hentry"},"jetpack_featured_media_url":"https:\/\/www.gruppopdregionetoscana.it\/web\/wp-content\/uploads\/2016\/05\/GuessMonia2.jpg","jetpack_sharing_enabled":true,"_links":{"self":[{"href":"https:\/\/www.gruppopdregionetoscana.it\/web\/wp-json\/wp\/v2\/posts\/12806","targetHints":{"allow":["GET"]}}],"collection":[{"href":"https:\/\/www.gruppopdregionetoscana.it\/web\/wp-json\/wp\/v2\/posts"}],"about":[{"href":"https:\/\/www.gruppopdregionetoscana.it\/web\/wp-json\/wp\/v2\/types\/post"}],"author":[{"embeddable":true,"href":"https:\/\/www.gruppopdregionetoscana.it\/web\/wp-json\/wp\/v2\/users\/1"}],"replies":[{"embeddable":true,"href":"https:\/\/www.gruppopdregionetoscana.it\/web\/wp-json\/wp\/v2\/comments?post=12806"}],"version-history":[{"count":0,"href":"https:\/\/www.gruppopdregionetoscana.it\/web\/wp-json\/wp\/v2\/posts\/12806\/revisions"}],"wp:featuredmedia":[{"embeddable":true,"href":"https:\/\/www.gruppopdregionetoscana.it\/web\/wp-json\/wp\/v2\/media\/12804"}],"wp:attachment":[{"href":"https:\/\/www.gruppopdregionetoscana.it\/web\/wp-json\/wp\/v2\/media?parent=12806"}],"wp:term":[{"taxonomy":"category","embeddable":true,"href":"https:\/\/www.gruppopdregionetoscana.it\/web\/wp-json\/wp\/v2\/categories?post=12806"},{"taxonomy":"post_tag","embeddable":true,"href":"https:\/\/www.gruppopdregionetoscana.it\/web\/wp-json\/wp\/v2\/tags?post=12806"}],"curies":[{"name":"wp","href":"https:\/\/api.w.org\/{rel}","templated":true}]}}