{"id":12808,"date":"2016-05-04T15:24:20","date_gmt":"2016-05-04T13:24:20","guid":{"rendered":"http:\/\/www.gruppopdregionetoscana.it\/web\/?p=12808"},"modified":"2016-05-04T15:24:20","modified_gmt":"2016-05-04T13:24:20","slug":"bilanci-gruppi-consiliari-giudizio-della-corte-dei-conti-marras-gestione-virtuosa-e-risparmi-consistenti-bene-i-miei-predecessori-continueremo-a-percorrere-questa-strada","status":"publish","type":"post","link":"https:\/\/www.gruppopdregionetoscana.it\/web\/bilanci-gruppi-consiliari-giudizio-della-corte-dei-conti-marras-gestione-virtuosa-e-risparmi-consistenti-bene-i-miei-predecessori-continueremo-a-percorrere-questa-strada\/","title":{"rendered":"Bilanci Gruppi Consiliari, Giudizio della Corte dei Conti, Marras: \u201cGestione virtuosa e risparmi consistenti. Bene i miei predecessori, continueremo a percorrere questa strada\u201d"},"content":{"rendered":"<p><img loading=\"lazy\" decoding=\"async\" class=\"alignleft wp-image-11082 size-medium\" src=\"http:\/\/www.gruppopdregionetoscana.it\/web\/wp-content\/uploads\/2015\/10\/Marras-Leonardo-300x200.jpg\" alt=\"Marras Leonardo\" width=\"300\" height=\"200\" srcset=\"https:\/\/www.gruppopdregionetoscana.it\/web\/wp-content\/uploads\/2015\/10\/Marras-Leonardo-300x200.jpg 300w, https:\/\/www.gruppopdregionetoscana.it\/web\/wp-content\/uploads\/2015\/10\/Marras-Leonardo.jpg 1000w\" sizes=\"auto, (max-width: 300px) 100vw, 300px\" \/>FIRENZE 04.05.2016 &#8211; \u00abUna gestione corretta e virtuosa, improntata alla trasparenza e al risparmio, un modus operandi che ha contraddistinto l\u2019amministrazione del denaro pubblico da parte del nostro gruppo consiliare per l\u2019intera scorsa legislatura e per l\u2019inizio di quella attuale. La Corte dei Conti ci d\u00e0 atto della regolarit\u00e0 dei rendiconti e della buona gestione delle risorse attribuite: questo \u00e8 un fatto importante per noi, perch\u00e9 da tempo in Toscana abbiamo messo al centro l\u2019esigenza della sobriet\u00e0 e della riduzione dei costi\u00bb.<\/p>\n<p>Lo dice <strong>Leonardo Marras<\/strong>, capogruppo del Pd in Consiglio regionale, commentando la delibera della Sezione toscana di controllo della Corte dei Conti trasmessa recentemente ai presidenti dei gruppi consiliari circa i rendiconti dei bilanci dei gruppi stessi per gli anni 2010-2015.<\/p>\n<p>\u00abIl dato complessivo dell\u2019ultima legislatura \u2013 spiega Marras \u2013 \u00e8 particolarmente confortante per il bilancio del nostro gruppo. Infatti, a fronte di un finanziamento totale erogato al nostro gruppo nell\u2019arco dei cinque anni, pari a 897.197,69 euro, le risorse impiegate sono state 564.697,93 euro, restituendo quindi alle casse della Regione ben 337.786.08 euro, pari al 38%. E ci\u00f2 \u00e8 particolarmente significativo per quel che riguarda gli ultimi 2-3 anni, quando dopo il decreto Monti le risorse ai gruppi consiliari furono fortemente e, aggiungo, giustamente decurtate.<\/p>\n<p>Non voglio \u2013 continua Marras \u2013 attribuirmi meriti non miei, visto che sono capogruppo da circa un anno, ma voglio mettere in risalto il buon lavoro condotto da chi mi ha preceduto, dando atto quindi a Vittorio Bugli, Marco Ruggeri ed Ivan Ferrucci dei risultati raggiunti. Da parte mia \u2013 conclude Marras \u2013 l\u2019impegno a continuare e rinsaldare questo percorso virtuoso: negli ultimi 6 mesi di mandato, ad esempio, abbiamo inviato alla Corte una serie di atti preventivi per l\u2019autorizzazione e abbiamo resto tutto trasparente e accessibile, il nostro bilancio e di tutti gli impegni di spesa del gruppo, infatti, sono disponibili online sul nostro sito web\u00bb.<\/p>\n","protected":false},"excerpt":{"rendered":"<p>FIRENZE 04.05.2016 &#8211; \u00abUna gestione corretta e virtuosa, improntata alla trasparenza e al risparmio, un modus operandi che ha contraddistinto l\u2019amministrazione del denaro pubblico da parte del nostro gruppo consiliare per l\u2019intera scorsa legislatura e per l\u2019inizio di quella attuale. La Corte dei Conti ci d\u00e0 atto della regolarit\u00e0 dei rendiconti e della buona gestione [&hellip;]<\/p>\n","protected":false},"author":1,"featured_media":11082,"comment_status":"closed","ping_status":"closed","sticky":false,"template":"","format":"standard","meta":{"_jetpack_memberships_contains_paid_content":false,"footnotes":""},"categories":[30,954],"tags":[1321],"class_list":{"0":"post-12808","1":"post","2":"type-post","3":"status-publish","4":"format-standard","5":"has-post-thumbnail","7":"category-comunicati-stampa","8":"category-leonardo-marras","9":"tag-costi-politica","10":"czr-hentry"},"jetpack_featured_media_url":"https:\/\/www.gruppopdregionetoscana.it\/web\/wp-content\/uploads\/2015\/10\/Marras-Leonardo.jpg","jetpack_sharing_enabled":true,"_links":{"self":[{"href":"https:\/\/www.gruppopdregionetoscana.it\/web\/wp-json\/wp\/v2\/posts\/12808","targetHints":{"allow":["GET"]}}],"collection":[{"href":"https:\/\/www.gruppopdregionetoscana.it\/web\/wp-json\/wp\/v2\/posts"}],"about":[{"href":"https:\/\/www.gruppopdregionetoscana.it\/web\/wp-json\/wp\/v2\/types\/post"}],"author":[{"embeddable":true,"href":"https:\/\/www.gruppopdregionetoscana.it\/web\/wp-json\/wp\/v2\/users\/1"}],"replies":[{"embeddable":true,"href":"https:\/\/www.gruppopdregionetoscana.it\/web\/wp-json\/wp\/v2\/comments?post=12808"}],"version-history":[{"count":0,"href":"https:\/\/www.gruppopdregionetoscana.it\/web\/wp-json\/wp\/v2\/posts\/12808\/revisions"}],"wp:featuredmedia":[{"embeddable":true,"href":"https:\/\/www.gruppopdregionetoscana.it\/web\/wp-json\/wp\/v2\/media\/11082"}],"wp:attachment":[{"href":"https:\/\/www.gruppopdregionetoscana.it\/web\/wp-json\/wp\/v2\/media?parent=12808"}],"wp:term":[{"taxonomy":"category","embeddable":true,"href":"https:\/\/www.gruppopdregionetoscana.it\/web\/wp-json\/wp\/v2\/categories?post=12808"},{"taxonomy":"post_tag","embeddable":true,"href":"https:\/\/www.gruppopdregionetoscana.it\/web\/wp-json\/wp\/v2\/tags?post=12808"}],"curies":[{"name":"wp","href":"https:\/\/api.w.org\/{rel}","templated":true}]}}