{"id":12816,"date":"2016-05-04T16:02:47","date_gmt":"2016-05-04T14:02:47","guid":{"rendered":"http:\/\/www.gruppopdregionetoscana.it\/web\/?p=12816"},"modified":"2016-05-04T16:02:47","modified_gmt":"2016-05-04T14:02:47","slug":"crisi-massa-carrara-bugliani-pd-non-ce-piu-tempo-da-perdere-necessario-e-urgente-il-riconoscimento-del-mise-per-la-stipula-dellaccordo-di-programma","status":"publish","type":"post","link":"https:\/\/www.gruppopdregionetoscana.it\/web\/crisi-massa-carrara-bugliani-pd-non-ce-piu-tempo-da-perdere-necessario-e-urgente-il-riconoscimento-del-mise-per-la-stipula-dellaccordo-di-programma\/","title":{"rendered":"Crisi, Massa Carrara, Bugliani (Pd): \u201cNon c\u2019\u00e8 pi\u00f9 tempo da perdere; necessario e urgente il riconoscimento del Mise per la stipula dell\u2019Accordo di Programma\u201d"},"content":{"rendered":"<p><strong>\u00a0<\/strong><\/p>\n<p><em><img loading=\"lazy\" decoding=\"async\" class=\"size-medium wp-image-11086 alignleft\" src=\"http:\/\/www.gruppopdregionetoscana.it\/web\/wp-content\/uploads\/2015\/10\/Bugliani-300x218.jpg\" alt=\"Bugliani\" width=\"300\" height=\"218\" srcset=\"https:\/\/www.gruppopdregionetoscana.it\/web\/wp-content\/uploads\/2015\/10\/Bugliani-300x218.jpg 300w, https:\/\/www.gruppopdregionetoscana.it\/web\/wp-content\/uploads\/2015\/10\/Bugliani-220x161.jpg 220w, https:\/\/www.gruppopdregionetoscana.it\/web\/wp-content\/uploads\/2015\/10\/Bugliani.jpg 500w\" sizes=\"auto, (max-width: 300px) 100vw, 300px\" \/>Il consigliere regionale Pd torna sul riconoscimento di Massa come area di crisi complessa, presentando una mozione che chiede alla Giunta regionale di proseguire l\u2019impegno nei confronti del Governo<\/em><\/p>\n<p>&nbsp;<\/p>\n<p>&nbsp;<\/p>\n<p>Attivarsi nei confronti del Mise per il riconoscimento di Massa Carrara come \u201carea di crisi complessa\u201d, quale azione propedeutica per garantire risorse e interventi a carattere nazionale e per procedere rapidamente alla stipula di un Accordo di Programma tra Governo, Regione, Enti locali e Autorit\u00e0 portuale di Marina di Carrara, nonch\u00e9 proseguire con specifiche azioni di sostegno a livello regionale. Sono gli impegni che <strong>Giacomo Bugliani<\/strong>, consigliere regionale Pd, sollecita alla Giunta con la mozione <strong><em>\u201cIn merito al riconoscimento nazionale di area di crisi complessa ed all\u2019Accordo di programma di reindustrializzazione dell\u2019area di Massa Carrara\u201d<\/em><\/strong>. \u201cL\u2019area di Massa Carrara \u00e8 gi\u00e0 stata riconosciuta dalla Regione Toscana come area di crisi, cos\u00ec come quelle di Livorno e Piombino, atto che ha consentito di mettere a punto forme di sostegno ad hoc, interventi a supporto dei lavoratori, misure sulla formazione continua nonch\u00e9 di favorire protocolli localizzativi; soltanto nel 2016 dalla Regione sono arrivati 1 milione e mezzo di incentivi alla formazione continua per le tre aree, di cui mezzo milione solo per Massa. \u2013 spiega Bugliani \u2013 Nel 2011 c\u2019\u00e8 stato un primo riconoscimento da parte del Mise come \u2018area di crisi complessa con impatto significativo sulla politica industriale nazionale\u2019. A maggio 2015 \u00e8 stato stipulato un Protocollo d\u2019Intesa finalizzato a &#8220;Interventi per la riqualificazione e la riconversione dell&#8217;area industriale di Massa Carrara\u201d, tra Governo, Regione e tutte le istituzioni coinvolte. All\u2019inizio di quest\u2019anno gli amministratori locali hanno inviato un appello a Regione e Governo per procedere alla conferma del riconoscimento di Massa come area di crisi complessa e successivamente alla stipula dell\u2019Accordo di programma; la Giunta regionale ha portato avanti un tavolo di confronto tecnico con tutti i soggetti coinvolti per definire le priorit\u00e0 e il presidente Rossi ha sollecitato nuovamente i ministri competenti per questo atto formale fondamentale. Ad oggi non si \u00e8 ancora raggiunto questo obiettivo nonostante il nostro territorio, oltre alla prosecuzione delle politiche regionali di sostegno, abbia assolutamente bisogno di ulteriori interventi di carattere nazionale, volti a potenziare le infrastrutture, supportare le imprese esistenti, realizzare nuove unit\u00e0 produttive, mitigare la sua fragilit\u00e0 idrogeologica\u201d.<\/p>\n<p>\u201cLa conferma dello status di area di crisi complessa di rilevanza nazionale permetterebbe di mettere in campo quelle azioni decisive e non pi\u00f9 rimandabili per un territorio, come il nostro, dove la crisi si \u00e8 fatta sentire in maniera drammatica e dove \u00e8 assolutamente necessaria una spinta forte per la crescita economica. \u2013 conclude Bugliani \u2013 La Regione quindi, se sicuramente deve proseguire col mettere in campo forme adeguate di sostegno, deve continuare a fare pressione sul Mise perch\u00e9 si compia questo passo decisivo e si arrivi cos\u00ec in tempi celeri alla stipula dell\u2019Accordo di programma tra tutti gli enti coinvolti, finalizzato a promuovere azioni di riqualificazione ambientale, reindustrializzazione, potenziamento infrastrutturale, politiche attive del lavoro e misure concrete contro la disoccupazione. Solo cos\u00ec possiamo accelerare il percorso per uscire dalla crisi e favorire la ripresa occupazionale e economica, nonch\u00e9 il recupero ambientale delle aree di maggiore fragilit\u00e0 nella provincia di Massa Carrara\u201d.<\/p>\n","protected":false},"excerpt":{"rendered":"<p>\u00a0 Il consigliere regionale Pd torna sul riconoscimento di Massa come area di crisi complessa, presentando una mozione che chiede alla Giunta regionale di proseguire l\u2019impegno nei confronti del Governo &nbsp; &nbsp; Attivarsi nei confronti del Mise per il riconoscimento di Massa Carrara come \u201carea di crisi complessa\u201d, quale azione propedeutica per garantire risorse e [&hellip;]<\/p>\n","protected":false},"author":1,"featured_media":11086,"comment_status":"closed","ping_status":"closed","sticky":false,"template":"","format":"standard","meta":{"_jetpack_memberships_contains_paid_content":false,"footnotes":""},"categories":[1],"tags":[],"class_list":{"0":"post-12816","1":"post","2":"type-post","3":"status-publish","4":"format-standard","5":"has-post-thumbnail","7":"category-proposte-di-legge","8":"czr-hentry"},"jetpack_featured_media_url":"https:\/\/www.gruppopdregionetoscana.it\/web\/wp-content\/uploads\/2015\/10\/Bugliani.jpg","jetpack_sharing_enabled":true,"_links":{"self":[{"href":"https:\/\/www.gruppopdregionetoscana.it\/web\/wp-json\/wp\/v2\/posts\/12816","targetHints":{"allow":["GET"]}}],"collection":[{"href":"https:\/\/www.gruppopdregionetoscana.it\/web\/wp-json\/wp\/v2\/posts"}],"about":[{"href":"https:\/\/www.gruppopdregionetoscana.it\/web\/wp-json\/wp\/v2\/types\/post"}],"author":[{"embeddable":true,"href":"https:\/\/www.gruppopdregionetoscana.it\/web\/wp-json\/wp\/v2\/users\/1"}],"replies":[{"embeddable":true,"href":"https:\/\/www.gruppopdregionetoscana.it\/web\/wp-json\/wp\/v2\/comments?post=12816"}],"version-history":[{"count":0,"href":"https:\/\/www.gruppopdregionetoscana.it\/web\/wp-json\/wp\/v2\/posts\/12816\/revisions"}],"wp:featuredmedia":[{"embeddable":true,"href":"https:\/\/www.gruppopdregionetoscana.it\/web\/wp-json\/wp\/v2\/media\/11086"}],"wp:attachment":[{"href":"https:\/\/www.gruppopdregionetoscana.it\/web\/wp-json\/wp\/v2\/media?parent=12816"}],"wp:term":[{"taxonomy":"category","embeddable":true,"href":"https:\/\/www.gruppopdregionetoscana.it\/web\/wp-json\/wp\/v2\/categories?post=12816"},{"taxonomy":"post_tag","embeddable":true,"href":"https:\/\/www.gruppopdregionetoscana.it\/web\/wp-json\/wp\/v2\/tags?post=12816"}],"curies":[{"name":"wp","href":"https:\/\/api.w.org\/{rel}","templated":true}]}}