{"id":12851,"date":"2016-05-09T12:00:36","date_gmt":"2016-05-09T10:00:36","guid":{"rendered":"http:\/\/www.gruppopdregionetoscana.it\/web\/?p=12851"},"modified":"2016-05-09T12:00:36","modified_gmt":"2016-05-09T10:00:36","slug":"valdinievole-viabilita-interventi-antirumore-e-per-la-sicurezza-niccolai-dalla-regione-finanziamenti-e-priorita-per-il-nostro-territorio","status":"publish","type":"post","link":"https:\/\/www.gruppopdregionetoscana.it\/web\/valdinievole-viabilita-interventi-antirumore-e-per-la-sicurezza-niccolai-dalla-regione-finanziamenti-e-priorita-per-il-nostro-territorio\/","title":{"rendered":"Valdinievole, Viabilit\u00e0, Interventi Antirumore e per la sicurezza. Niccolai: \u201cDalla Regione finanziamenti e priorit\u00e0 per il nostro territorio\u201d"},"content":{"rendered":"<p><img loading=\"lazy\" decoding=\"async\" class=\"alignleft wp-image-5397\" src=\"http:\/\/www.gruppopdregionetoscana.it\/web\/wp-content\/uploads\/2013\/09\/strade.jpg\" alt=\"strade\" width=\"246\" height=\"185\" \/>FIRENZE 09.05.2016 \u2013\u00a0 Novit\u00e0 importanti per la viabilit\u00e0 della Val di Nievole ed in particolare per quanto riguarda l\u2019inquinamento acustico. Dopo l\u2019approvazione in Regione dell\u2019aggiornamento del \u201cpiano degli interventi di contenimento e abbattimento del rumore sulla viabilit\u00e0 di interesse regionale\u201d, <strong>Marco Niccolai<\/strong>, consigliere regionale del Pd, fa il punto della situazione che riguarda il territorio.<\/p>\n<p>\u00abDopo i lavori effettuati nel 2013 \u2013 spiega Niccolai \u2013 a Pieve a Nievole \u00e8 previsto prossimamente un\u2019ulteriore intervento per asfalti antirumore, gi\u00e0 definito e quantificato in 126.000 euro.<br \/>\nPer quanto riguarda le azioni della Regione nei prossimi anni, nel piano delle priorit\u00e0 approvato dal Consiglio regionale, al primo posto\u00a0figura il tratto della SR 435 Castellare di Pescia-Pescia; al secondo posto il tratto della SR 435 Fornaci Santa Lucia-Borgo a Buggiano-Margine Coperta per 6,7 km; al sesto posto il tratto di Cintolese della SR 436 per 1,3 km; al 16 posto il tratto della SR 435 a Pescia per 1,5 km. Dunque \u2013 prosegue Niccolai \u2013\u00a0 gli interventi di risanamento acustico sulle strade regionali nei prossimi anni dovranno avvenire secondo queste priorit\u00e0 di intervento. Oltre agli interventi gi\u00e0 effettuati negli anni scorsi in Valdinievole, nei prossimi anni la Regione metter\u00e0 al centro il nostro territorio, svolgendo interventi che puntano al miglioramento della sicurezza stradale e della vivibilit\u00e0 attorno a queste importanti arterie, soprattutto nei tratti all&#8217;interno dei centri abitati. Dal 2000 \u2013 ricorda Niccolai \u2013 gli enti gestori di infrastrutture, fra cui la Regione, devono obbligatoriamente predisporre piani di contenimento e abbattimento del rumore, impegnando a tal fine il 7% dei fondi destinati alla manutenzione delle strade, per un importo pari a circa un milione all\u2019anno.<br \/>\nGli interventi antirumore vengono programmati sulla base di alcuni criteri dettati dalla legge, tra cui la densit\u00e0 abitativa, i livelli fonometrici attuali e l\u2019eventuale presenza di scuole od ospedali in vicinanza del tratto stradale. Nel recente passato tutto ci\u00f2 ha significato investimenti importanti per la provincia di Pistoia: nel 2010 sulla Sr 435 per asfalti antirumore 326.000 euro a Pescia (Casacce), 341.000 euro per il tratto tra Pescia e Uzzano,\u00a0 216.000 euro tra Massa e Cozzile e Buggiano. Sono numeri &#8211; \u2013 conclude il consigliere \u2013 che confermano l\u2019attenzione della Regione nei confronti del nostro territorio e di un problema cos\u00ec sentito come quello della sicurezza stradale\u00bb.<\/p>\n<p>&nbsp;<\/p>\n","protected":false},"excerpt":{"rendered":"<p>FIRENZE 09.05.2016 \u2013\u00a0 Novit\u00e0 importanti per la viabilit\u00e0 della Val di Nievole ed in particolare per quanto riguarda l\u2019inquinamento acustico. Dopo l\u2019approvazione in Regione dell\u2019aggiornamento del \u201cpiano degli interventi di contenimento e abbattimento del rumore sulla viabilit\u00e0 di interesse regionale\u201d, Marco Niccolai, consigliere regionale del Pd, fa il punto della situazione che riguarda il territorio. [&hellip;]<\/p>\n","protected":false},"author":1,"featured_media":12249,"comment_status":"closed","ping_status":"closed","sticky":false,"template":"","format":"standard","meta":{"_jetpack_memberships_contains_paid_content":false,"footnotes":""},"categories":[30,969],"tags":[697],"class_list":{"0":"post-12851","1":"post","2":"type-post","3":"status-publish","4":"format-standard","5":"has-post-thumbnail","7":"category-comunicati-stampa","8":"category-marco-niccolai","9":"tag-viabilita","10":"czr-hentry"},"jetpack_featured_media_url":"https:\/\/www.gruppopdregionetoscana.it\/web\/wp-content\/uploads\/2015\/11\/niccolai-vivaismo.jpg","jetpack_sharing_enabled":true,"_links":{"self":[{"href":"https:\/\/www.gruppopdregionetoscana.it\/web\/wp-json\/wp\/v2\/posts\/12851","targetHints":{"allow":["GET"]}}],"collection":[{"href":"https:\/\/www.gruppopdregionetoscana.it\/web\/wp-json\/wp\/v2\/posts"}],"about":[{"href":"https:\/\/www.gruppopdregionetoscana.it\/web\/wp-json\/wp\/v2\/types\/post"}],"author":[{"embeddable":true,"href":"https:\/\/www.gruppopdregionetoscana.it\/web\/wp-json\/wp\/v2\/users\/1"}],"replies":[{"embeddable":true,"href":"https:\/\/www.gruppopdregionetoscana.it\/web\/wp-json\/wp\/v2\/comments?post=12851"}],"version-history":[{"count":0,"href":"https:\/\/www.gruppopdregionetoscana.it\/web\/wp-json\/wp\/v2\/posts\/12851\/revisions"}],"wp:featuredmedia":[{"embeddable":true,"href":"https:\/\/www.gruppopdregionetoscana.it\/web\/wp-json\/wp\/v2\/media\/12249"}],"wp:attachment":[{"href":"https:\/\/www.gruppopdregionetoscana.it\/web\/wp-json\/wp\/v2\/media?parent=12851"}],"wp:term":[{"taxonomy":"category","embeddable":true,"href":"https:\/\/www.gruppopdregionetoscana.it\/web\/wp-json\/wp\/v2\/categories?post=12851"},{"taxonomy":"post_tag","embeddable":true,"href":"https:\/\/www.gruppopdregionetoscana.it\/web\/wp-json\/wp\/v2\/tags?post=12851"}],"curies":[{"name":"wp","href":"https:\/\/api.w.org\/{rel}","templated":true}]}}