{"id":12884,"date":"2016-05-12T13:14:51","date_gmt":"2016-05-12T11:14:51","guid":{"rendered":"http:\/\/www.gruppopdregionetoscana.it\/web\/?p=12884"},"modified":"2016-05-12T13:14:51","modified_gmt":"2016-05-12T11:14:51","slug":"%ef%bb%bf-salute-in-carcere-scaramelli-pd-un-diritto-inviolabile-il-carcere-non-puo-essere-un-luogo-di-malattia","status":"publish","type":"post","link":"https:\/\/www.gruppopdregionetoscana.it\/web\/%ef%bb%bf-salute-in-carcere-scaramelli-pd-un-diritto-inviolabile-il-carcere-non-puo-essere-un-luogo-di-malattia\/","title":{"rendered":"\ufeff  Salute in carcere, Scaramelli (Pd): &#8220;Un diritto inviolabile. Il carcere non pu\u00f2 essere un luogo di malattia&#8221;"},"content":{"rendered":"<p>&nbsp;<\/p>\n<p><em><img loading=\"lazy\" decoding=\"async\" class=\"alignleft  wp-image-12835\" src=\"http:\/\/www.gruppopdregionetoscana.it\/web\/wp-content\/uploads\/2016\/05\/scaramelli_02.jpg\" alt=\"scaramelli_02\" width=\"300\" height=\"212\" srcset=\"https:\/\/www.gruppopdregionetoscana.it\/web\/wp-content\/uploads\/2016\/05\/scaramelli_02.jpg 452w, https:\/\/www.gruppopdregionetoscana.it\/web\/wp-content\/uploads\/2016\/05\/scaramelli_02-300x212.jpg 300w\" sizes=\"auto, (max-width: 300px) 100vw, 300px\" \/>Il presidente Stefano Scaramelli annuncia che la commissione Sanit\u00e0 del Consiglio regionale si recher\u00e0 nelle carceri toscani. \u00a0<\/em><strong>\u00a0<\/strong><\/p>\n<p>\u201cDalla parte degli ultimi degli ultimi. Approfondiremo la correlazione tra giovani carcerati e malattie, in prevalenza legate all&#8217;uso di stupefacenti, malattie psichiatriche e infettive\u201d. A dirlo <strong>Stefano Scaramelli (Pd)<\/strong>, presidente della commissione Sanit\u00e0 e politiche sociali, durante la seduta di oggi nella quale <strong>si \u00e8 svolta l&#8217;audizione del Garante regionale delle persone sottoposte a misure restrittive della libert\u00e0 personale<\/strong>, annunciando che la commissione consiliare entro l\u2019estate andr\u00e0 in visita nelle carceri toscane, che alla fine di marzo contavano <strong>3.344 detenuti<\/strong> (3.219 uomini e 125 donne).<\/p>\n<p><strong>Le visite partiranno dal carcere di Lucca<\/strong>, che presenta la percentuale pi\u00f9 alta di tossicodipendenti, dove sono stati evidenziati problemi nell&#8217;infermeria e da cui arriva il numero pi\u00f9 alto di richieste e segnalazioni al Garante regionale delle persone sottoposte a misure restrittive della libert\u00e0 personale. A seguire le visite si terranno al carcere di Porto Azzurro per rendersi conto delle condizioni di vita e del diritto alla salute.<\/p>\n<p>\u201cE\u2019 inviolabile per chiunque il diritto alla salute e a condizioni di vita dignitose&#8221; &#8211; <strong>dice Scaramelli (Pd)<\/strong> &#8211; &#8220;Il trattamento dei detenuti \u00e8 strettamente correlato alla finalit\u00e0 rieducativa della pena e alla preparazione che ricevono verso la vita che dovranno condurre quando usciranno dalla prigione. Il trattamento dignitoso e rispettoso del senso di umanit\u00e0, cos\u00ec come previsto dalla Costituzione, \u00e8 necessario affinch\u00e9 abbiano maggiori opportunit\u00e0 di reinserimento nella societ\u00e0 e minori possibilit\u00e0 di tornare a compiere reati. La detenzione deve essere tesa alla reintegrazione nella societ\u00e0 e in questo processo il diritto alla salute e alle cure \u00e8 un nodo fondamentale&#8221;.<\/p>\n<p>&#8220;La relazione del Garante evidenzia come questo sia stato un anno di novit\u00e0 con una diminuzione della popolazione carceraria ma, a questo dato, non \u00e8 corrisposto un miglioramento delle condizioni carcerarie, di salute, di dinamiche conflittuali e suicidi&#8221; <strong>&#8211; prosegue Scaramelli &#8211;<\/strong> &#8220;A fronte dell\u2019aggravarsi delle criticit\u00e0 esistenti, come tossicodipendenza, disagi mentali e depressione, alta incidenza di malattie psichiche, dobbiamo vigilare e tenere sotto controllo le condizioni di vita e di salute dei carcerati\u201d.<\/p>\n<p>La Toscana a dicembre 2015 contava 3.260 detenuti mentre a dicembre 2011 ne contava 4.242. Una riduzione che ha inciso favorevolmente su alcuni penitenziari, primo fra tutti sul carcere di Sollicciano che dal 2013 al 2015 ha diminuito le presenze di circa 300 unit\u00e0; sulle case circondariali di Lucca, Pisa, Massa e Porto Azzurro, parzialmente su Prato. <strong>I dati forniscono una nuova tendenza in lieve crescita della popolazione penitenziaria a partire dall&#8217;inizio del 2016<\/strong> con in Toscana la popolazione straniera che ha un\u2019incidenza maggiore rispetto ai dati nazionali del 12,48%, mentre pi\u00f9 contenuta nella nostra regione la presenza di donne con il 3,6%, rispetto al 4% nazionale.<\/p>\n<p>In merito alle posizioni giuridiche, dalla Relazione del Garante emerge che sul piano nazionale il 65% sono persone condannate in via definitiva rispetto alle persone imputate, di queste il 16,3% sono in attesa di primo giudizio mentre quelle condannate non in via definitiva rappresentano il 17,7%. La Toscana si differenzia con una quota del <strong>72,2% di detenuti condannati in via definitiva<\/strong>; 12,2% persone in attesa di giudizio e 13,6% di condannati non definitivi.<\/p>\n<p>&nbsp;<\/p>\n","protected":false},"excerpt":{"rendered":"<p>&nbsp; Il presidente Stefano Scaramelli annuncia che la commissione Sanit\u00e0 del Consiglio regionale si recher\u00e0 nelle carceri toscani. \u00a0\u00a0 \u201cDalla parte degli ultimi degli ultimi. Approfondiremo la correlazione tra giovani carcerati e malattie, in prevalenza legate all&#8217;uso di stupefacenti, malattie psichiatriche e infettive\u201d. A dirlo Stefano Scaramelli (Pd), presidente della commissione Sanit\u00e0 e politiche sociali, [&hellip;]<\/p>\n","protected":false},"author":1,"featured_media":12835,"comment_status":"closed","ping_status":"closed","sticky":false,"template":"","format":"standard","meta":{"_jetpack_memberships_contains_paid_content":false,"footnotes":""},"categories":[30,971],"tags":[184,468,487,101,36],"class_list":{"0":"post-12884","1":"post","2":"type-post","3":"status-publish","4":"format-standard","5":"has-post-thumbnail","7":"category-comunicati-stampa","8":"category-stefano-scaramelli","9":"tag-carcere","10":"tag-detenuti","11":"tag-salute","12":"tag-sanita","13":"tag-toscana","14":"czr-hentry"},"jetpack_featured_media_url":"https:\/\/www.gruppopdregionetoscana.it\/web\/wp-content\/uploads\/2016\/05\/scaramelli_02.jpg","jetpack_sharing_enabled":true,"_links":{"self":[{"href":"https:\/\/www.gruppopdregionetoscana.it\/web\/wp-json\/wp\/v2\/posts\/12884","targetHints":{"allow":["GET"]}}],"collection":[{"href":"https:\/\/www.gruppopdregionetoscana.it\/web\/wp-json\/wp\/v2\/posts"}],"about":[{"href":"https:\/\/www.gruppopdregionetoscana.it\/web\/wp-json\/wp\/v2\/types\/post"}],"author":[{"embeddable":true,"href":"https:\/\/www.gruppopdregionetoscana.it\/web\/wp-json\/wp\/v2\/users\/1"}],"replies":[{"embeddable":true,"href":"https:\/\/www.gruppopdregionetoscana.it\/web\/wp-json\/wp\/v2\/comments?post=12884"}],"version-history":[{"count":0,"href":"https:\/\/www.gruppopdregionetoscana.it\/web\/wp-json\/wp\/v2\/posts\/12884\/revisions"}],"wp:featuredmedia":[{"embeddable":true,"href":"https:\/\/www.gruppopdregionetoscana.it\/web\/wp-json\/wp\/v2\/media\/12835"}],"wp:attachment":[{"href":"https:\/\/www.gruppopdregionetoscana.it\/web\/wp-json\/wp\/v2\/media?parent=12884"}],"wp:term":[{"taxonomy":"category","embeddable":true,"href":"https:\/\/www.gruppopdregionetoscana.it\/web\/wp-json\/wp\/v2\/categories?post=12884"},{"taxonomy":"post_tag","embeddable":true,"href":"https:\/\/www.gruppopdregionetoscana.it\/web\/wp-json\/wp\/v2\/tags?post=12884"}],"curies":[{"name":"wp","href":"https:\/\/api.w.org\/{rel}","templated":true}]}}