{"id":12886,"date":"2016-05-12T14:31:33","date_gmt":"2016-05-12T12:31:33","guid":{"rendered":"http:\/\/www.gruppopdregionetoscana.it\/web\/?p=12886"},"modified":"2016-05-12T14:31:41","modified_gmt":"2016-05-12T12:31:41","slug":"pisa-costruzione-della-moschea-nardini-pd-si-alla-liberta-di-culto-e-allintegrazione-nelle-nostre-citta","status":"publish","type":"post","link":"https:\/\/www.gruppopdregionetoscana.it\/web\/pisa-costruzione-della-moschea-nardini-pd-si-alla-liberta-di-culto-e-allintegrazione-nelle-nostre-citta\/","title":{"rendered":"Pisa, costruzione della moschea; Nardini (Pd): \u201c S\u00ec alla libert\u00e0 di culto e all&#8217;integrazione nelle nostre citt\u00e0\u201d"},"content":{"rendered":"<p><span style=\"font-size: 14.0pt;\"><img loading=\"lazy\" decoding=\"async\" class=\"alignleft wp-image-12887\" src=\"http:\/\/www.gruppopdregionetoscana.it\/web\/wp-content\/uploads\/2016\/05\/integration-300x162.jpg\" alt=\"integration\" width=\"300\" height=\"162\" srcset=\"https:\/\/www.gruppopdregionetoscana.it\/web\/wp-content\/uploads\/2016\/05\/integration-300x162.jpg 300w, https:\/\/www.gruppopdregionetoscana.it\/web\/wp-content\/uploads\/2016\/05\/integration.jpg 800w\" sizes=\"auto, (max-width: 300px) 100vw, 300px\" \/>\u201cAssurdo leggere delle paure e delle polemiche che vengono fomentate ogni volta che si parla della costruzione di una moschea sui nostri territori. Vorrei invece che il dibattito da \u2018moschea s\u00ec\/moschea no\u2019 si trasformasse in un\u2019opportunit\u00e0 d\u2019integrazione. Sono favorevole alla costruzione di luoghi di culto per confessioni religiose diverse dalla mia perch\u00e9 sono favorevole al futuro cosmopolita delle nostre citt\u00e0. Pisa ha davanti a s\u00e9 una grande opportunit\u00e0 d\u2019integrazione, in nome dell\u2019art.8 della Carta Costituzionale, libert\u00e0 di culto e uguaglianza\u201d, cos\u00ec <b>Alessandra Nardini,<\/b> consigliera regionale Pd interviene in riferimento al dibattito che vede interessata in queste settimane la citt\u00e0 di Pisa, dove \u00e8 stato presentato il progetto per la costruzione di una Moschea. Nardini gi\u00e0 un anno fa, durante la campagna per le elezioni regionali, aveva affrontato questo tema incontrando insieme al Deputato Pd Khalid Chaouki il capo spirituale della comunit\u00e0 musulmana pisana, Khalil Mohammed.<\/span><\/p>\n<p style=\"text-align: justify;\"><span style=\"font-size: 14.0pt;\">\u201cLa politica e le istituzioni devono saper leggere e rispondere alle esigenze della comunit\u00e0, nella sua pluralit\u00e0 \u2013 continua <b>Nardini <\/b>&#8211; senza nessun tipo di discriminazione, come ci ricorda la nostra bellissima e preziosissima Carta Costituzionale.\u00a0 Solo favorendo la piena integrazione di tutti,\u00a0 qualunque sia la confessione religiosa, costruiremo una societ\u00e0 dove ognuno possa essere protagonista attivo della realt\u00e0 in cui vive, possa sentirsene parte. Non sono accettabili n\u00e9\u00a0 tollerabili\u00a0 discriminazioni, polemiche strumentali e demagogia su questo tema.<br \/>\nAnzi, vorrei ricordare a chi usa queste armi, che la lotta al terrorismo e agli estremismi fondamentalisti si combatte proprio cos\u00ec: con l&#8217;integrazione, il dialogo interreligioso e garantendo a tutti di vedere riconosciuti i propri diritti. Laicit\u00e0, rispetto, convivenza, tolleranza, dignit\u00e0 sociale, sono questi i valori a cui dobbiamo far riferimento. Siamo ad un bivio: o dimostriamo di saper vincere questa sfida e cogliere questa opportunit\u00e0, come hanno fatto\u00a0 molte altre citt\u00e0 del mondo, oppure, semplicemente, abdicheremo ad uno dei nostri ruoli principali, garantire\u00a0 i diritti sanciti dalla Costituzione. Rivendico quindi con orgoglio questa posizione ed esprimo apprezzamento per il Sindaco di Pisa, Marco Filippeschi, che si \u00e9 detto ben favorevole alla creazione di un luogo di culto e di cultura dignitoso per la comunit\u00e0 islamica pisana. Sono convinta che questo spazio,\u00a0oltre a essere uno strumento d\u2019integrazione, possa rappresentare anche un\u2019occasione di confronto e arricchimento per la nostra comunit\u00e0. La Toscana \u00e8 sempre stata terra d\u2019accoglienza, di diritti e di apertura rispetto alle differenti culture. Dimostriamolo ancora una volta, con coraggio e orgoglio\u201d.<\/span><\/p>\n","protected":false},"excerpt":{"rendered":"<p>\u201cAssurdo leggere delle paure e delle polemiche che vengono fomentate ogni volta che si parla della costruzione di una moschea sui nostri territori. Vorrei invece che il dibattito da \u2018moschea s\u00ec\/moschea no\u2019 si trasformasse in un\u2019opportunit\u00e0 d\u2019integrazione. Sono favorevole alla costruzione di luoghi di culto per confessioni religiose diverse dalla mia perch\u00e9 sono favorevole al [&hellip;]<\/p>\n","protected":false},"author":1,"featured_media":12887,"comment_status":"closed","ping_status":"closed","sticky":false,"template":"","format":"standard","meta":{"_jetpack_memberships_contains_paid_content":false,"footnotes":""},"categories":[1],"tags":[],"class_list":{"0":"post-12886","1":"post","2":"type-post","3":"status-publish","4":"format-standard","5":"has-post-thumbnail","7":"category-proposte-di-legge","8":"czr-hentry"},"jetpack_featured_media_url":"https:\/\/www.gruppopdregionetoscana.it\/web\/wp-content\/uploads\/2016\/05\/integration.jpg","jetpack_sharing_enabled":true,"_links":{"self":[{"href":"https:\/\/www.gruppopdregionetoscana.it\/web\/wp-json\/wp\/v2\/posts\/12886","targetHints":{"allow":["GET"]}}],"collection":[{"href":"https:\/\/www.gruppopdregionetoscana.it\/web\/wp-json\/wp\/v2\/posts"}],"about":[{"href":"https:\/\/www.gruppopdregionetoscana.it\/web\/wp-json\/wp\/v2\/types\/post"}],"author":[{"embeddable":true,"href":"https:\/\/www.gruppopdregionetoscana.it\/web\/wp-json\/wp\/v2\/users\/1"}],"replies":[{"embeddable":true,"href":"https:\/\/www.gruppopdregionetoscana.it\/web\/wp-json\/wp\/v2\/comments?post=12886"}],"version-history":[{"count":0,"href":"https:\/\/www.gruppopdregionetoscana.it\/web\/wp-json\/wp\/v2\/posts\/12886\/revisions"}],"wp:featuredmedia":[{"embeddable":true,"href":"https:\/\/www.gruppopdregionetoscana.it\/web\/wp-json\/wp\/v2\/media\/12887"}],"wp:attachment":[{"href":"https:\/\/www.gruppopdregionetoscana.it\/web\/wp-json\/wp\/v2\/media?parent=12886"}],"wp:term":[{"taxonomy":"category","embeddable":true,"href":"https:\/\/www.gruppopdregionetoscana.it\/web\/wp-json\/wp\/v2\/categories?post=12886"},{"taxonomy":"post_tag","embeddable":true,"href":"https:\/\/www.gruppopdregionetoscana.it\/web\/wp-json\/wp\/v2\/tags?post=12886"}],"curies":[{"name":"wp","href":"https:\/\/api.w.org\/{rel}","templated":true}]}}