{"id":12893,"date":"2016-05-13T14:02:04","date_gmt":"2016-05-13T12:02:04","guid":{"rendered":"http:\/\/www.gruppopdregionetoscana.it\/web\/?p=12893"},"modified":"2016-05-13T14:02:38","modified_gmt":"2016-05-13T12:02:38","slug":"geotermia-larderello-pieroni-pd-maturi-i-tempi-per-scelta-decisiva-serve-nuovo-patto-socio-economico","status":"publish","type":"post","link":"https:\/\/www.gruppopdregionetoscana.it\/web\/geotermia-larderello-pieroni-pd-maturi-i-tempi-per-scelta-decisiva-serve-nuovo-patto-socio-economico\/","title":{"rendered":"Geotermia, Larderello; Pieroni (Pd): \u201cMaturi i tempi per scelta decisiva. Serve nuovo patto socio-economico\u201d"},"content":{"rendered":"<p><img loading=\"lazy\" decoding=\"async\" class=\"alignleft size-medium wp-image-11088\" src=\"http:\/\/www.gruppopdregionetoscana.it\/web\/wp-content\/uploads\/2015\/10\/pieroni-pp1-300x231.jpg\" alt=\"pieroni pp\" width=\"300\" height=\"231\" srcset=\"https:\/\/www.gruppopdregionetoscana.it\/web\/wp-content\/uploads\/2015\/10\/pieroni-pp1-300x231.jpg 300w, https:\/\/www.gruppopdregionetoscana.it\/web\/wp-content\/uploads\/2015\/10\/pieroni-pp1-180x138.jpg 180w, https:\/\/www.gruppopdregionetoscana.it\/web\/wp-content\/uploads\/2015\/10\/pieroni-pp1.jpg 350w\" sizes=\"auto, (max-width: 300px) 100vw, 300px\" \/>&#8220;La geotermia sia la chiave di volta per dare nuove prospettive di sviluppo alla Val di Cecina.\u00a0 \u00c8 il momento di dire una parola forte e definitiva sulla crescita di questo settore nel nostro territorio. Serve mettere in piedi un <strong>nuovo patto socio-economico<\/strong> tra istituzioni, Enel Green Power e soggetti socio-economici coinvolti\u201d, dichiara <strong>Andrea Pieroni<\/strong> consigliere regionale Pd intervenendo sul futuro della geotermia in Val di Cecina.<\/p>\n<p>&nbsp;<\/p>\n<p>\u201cDobbiamo poter guardare al futuro con maggiori certezze e creare presupposti per un rilancio dell\u2019intera area che si trova ad affrontare situazioni di crisi aziendali \u2013 continua <strong>Pieroni<\/strong> \u2013 Mi riferisco a un piano che sia in grado di tutelare l\u2019ambiente, incentivare lo sviluppo e assicurare le ricadute economiche e occupazionali sul territorio stesso. Il progetto potr\u00e0 stare dentro il percorso gi\u00e0 annunciato dalla Giunta regionale, attraverso Gianfranco Simoncini, volto a individuare la Val di Cecina come area di crisi semplice, attraendo risorse anche statali. La Commissione Costa dovr\u00e0 lavorare per\u00a0 definire e concretizzare tale obiettivo nel pi\u00f9 breve tempo possibile.\u00a0 Sono maturi i tempi per imprimere una svolta netta allo sviluppo di quest\u2019area\u201d.<\/p>\n<p>&nbsp;<\/p>\n<p>\u201cLe prospettive di investimento e di crescita di Enel Green Power riguardo allo sviluppo dell\u2019alta entalpia devono essere sostenute e accompagnate dalla Regione, che ha in mano le autorizzazioni sia per la ricerca che per le attivit\u00e0 industriali \u2013 conclude <strong>Pieroni <\/strong>&#8211;\u00a0 La geotermia \u00e8 una peculiarit\u00e0 tutta nostra. La Val di Cecina \u00e8 terra di ricerca e sperimentazione di nuove tecnologie poi utilizzate a livello internazionale. Possiamo dire che la geotermia che si fa in tutto il mondo \u00e8 \u2018made in Larderello\u2019. Abbiamo la possibilit\u00e0 di incrementare un indotto di qualit\u00e0 difficilmente paragonabile. \u00c8 legittimo e doveroso che le comunit\u00e0 e i loro rappresentanti chiedano attenzione sul versante del lavoro e dell\u2019occupazione delle imprese locali, che, del resto, devono attrezzarsi e adeguarsi per cogliere questa opportunit\u00e0. Sar\u00e0 compito di tutti gli attori interessati dare vita a un progetto solido, di qualit\u00e0 e di prospettiva per l\u2019intero tessuto economico\u201d.<\/p>\n","protected":false},"excerpt":{"rendered":"<p>&#8220;La geotermia sia la chiave di volta per dare nuove prospettive di sviluppo alla Val di Cecina.\u00a0 \u00c8 il momento di dire una parola forte e definitiva sulla crescita di questo settore nel nostro territorio. Serve mettere in piedi un nuovo patto socio-economico tra istituzioni, Enel Green Power e soggetti socio-economici coinvolti\u201d, dichiara Andrea Pieroni [&hellip;]<\/p>\n","protected":false},"author":1,"featured_media":11088,"comment_status":"closed","ping_status":"closed","sticky":false,"template":"","format":"standard","meta":{"_jetpack_memberships_contains_paid_content":false,"footnotes":""},"categories":[970,30],"tags":[],"class_list":{"0":"post-12893","1":"post","2":"type-post","3":"status-publish","4":"format-standard","5":"has-post-thumbnail","7":"category-andrea-pieroni","8":"category-comunicati-stampa","9":"czr-hentry"},"jetpack_featured_media_url":"https:\/\/www.gruppopdregionetoscana.it\/web\/wp-content\/uploads\/2015\/10\/pieroni-pp1.jpg","jetpack_sharing_enabled":true,"_links":{"self":[{"href":"https:\/\/www.gruppopdregionetoscana.it\/web\/wp-json\/wp\/v2\/posts\/12893","targetHints":{"allow":["GET"]}}],"collection":[{"href":"https:\/\/www.gruppopdregionetoscana.it\/web\/wp-json\/wp\/v2\/posts"}],"about":[{"href":"https:\/\/www.gruppopdregionetoscana.it\/web\/wp-json\/wp\/v2\/types\/post"}],"author":[{"embeddable":true,"href":"https:\/\/www.gruppopdregionetoscana.it\/web\/wp-json\/wp\/v2\/users\/1"}],"replies":[{"embeddable":true,"href":"https:\/\/www.gruppopdregionetoscana.it\/web\/wp-json\/wp\/v2\/comments?post=12893"}],"version-history":[{"count":0,"href":"https:\/\/www.gruppopdregionetoscana.it\/web\/wp-json\/wp\/v2\/posts\/12893\/revisions"}],"wp:featuredmedia":[{"embeddable":true,"href":"https:\/\/www.gruppopdregionetoscana.it\/web\/wp-json\/wp\/v2\/media\/11088"}],"wp:attachment":[{"href":"https:\/\/www.gruppopdregionetoscana.it\/web\/wp-json\/wp\/v2\/media?parent=12893"}],"wp:term":[{"taxonomy":"category","embeddable":true,"href":"https:\/\/www.gruppopdregionetoscana.it\/web\/wp-json\/wp\/v2\/categories?post=12893"},{"taxonomy":"post_tag","embeddable":true,"href":"https:\/\/www.gruppopdregionetoscana.it\/web\/wp-json\/wp\/v2\/tags?post=12893"}],"curies":[{"name":"wp","href":"https:\/\/api.w.org\/{rel}","templated":true}]}}