{"id":12933,"date":"2016-05-17T19:29:12","date_gmt":"2016-05-17T17:29:12","guid":{"rendered":"http:\/\/www.gruppopdregionetoscana.it\/web\/?p=12933"},"modified":"2016-05-17T19:49:37","modified_gmt":"2016-05-17T17:49:37","slug":"carlo-colombo-unanimita-a-mozione-pd-in-consiglio-regionale-mazzeo-nardini-e-pieroni-pd-priorita-ai-lavoratori-cerchiamo-soluzione-per-scongiurare-chiusura-dello-stabilimento","status":"publish","type":"post","link":"https:\/\/www.gruppopdregionetoscana.it\/web\/carlo-colombo-unanimita-a-mozione-pd-in-consiglio-regionale-mazzeo-nardini-e-pieroni-pd-priorita-ai-lavoratori-cerchiamo-soluzione-per-scongiurare-chiusura-dello-stabilimento\/","title":{"rendered":"Carlo Colombo, unanimit\u00e0 a mozione Pd in Consiglio regionale; Mazzeo, Nardini e Pieroni (Pd): \u201cPriorit\u00e0 ai lavoratori, cerchiamo soluzione per scongiurare chiusura dello stabilimento\u201d"},"content":{"rendered":"<p><em><img loading=\"lazy\" decoding=\"async\" class=\"alignleft size-medium wp-image-11530\" src=\"http:\/\/www.gruppopdregionetoscana.it\/web\/wp-content\/uploads\/2015\/11\/mazzeo-nardini-pieroni1-300x135.jpg\" alt=\"mazzeo-nardini-pieroni\" width=\"300\" height=\"135\" srcset=\"https:\/\/www.gruppopdregionetoscana.it\/web\/wp-content\/uploads\/2015\/11\/mazzeo-nardini-pieroni1-300x135.jpg 300w, https:\/\/www.gruppopdregionetoscana.it\/web\/wp-content\/uploads\/2015\/11\/mazzeo-nardini-pieroni1.jpg 700w\" sizes=\"auto, (max-width: 300px) 100vw, 300px\" \/>Approvata questa sera dall\u2019Assemblea toscana \u00a0la mozione Pd \u201cIn merito alle prospettive aziendali e occupazionali dello stabilimento pisano della Colombo S.p.a\u201d<\/em><\/p>\n<p><em>\u00a0<\/em><\/p>\n<p>\u201cNecessario percorrere tutte le strade possibili affinch\u00e9 la Carlo Colombo faccia retromarcia sulla chiusura dello stabilimento pisano. Sar\u00e0 fondamentale un confronto continuo e costante tra la Giunta regionale e il Ministero dello sviluppo economico al fine di arrivare a un esito diverso da quello annunciato dalla propriet\u00e0 il 2 maggio scorso. L\u2019obiettivo principale \u00e8 quello di salvaguardare i 68 lavoratori coinvolti, il prezioso know how accumulato in questi anni\u201d. \u00c8 quanto si chiede alla Giunta regionale nella mozione firmata da <strong>Antonio Mazzeo, Alessandra Nardini e Andrea Pieroni<\/strong>, consiglieri regionali Pd e approvata oggi all\u2019unanimit\u00e0 nel corso della seduta dell\u2019Assemblea Toscana.<\/p>\n<p>&nbsp;<\/p>\n<p>\u201cDa parte del nostro gruppo c\u2019\u00e8 una presa di posizione chiara e netta nei confronti della situazione del sito produttivo di Pisa. Siamo vicini ai lavoratori e alle loro famiglie; il nostro impegno sar\u00e0 costante per giungere a una soluzione che salvaguardi l\u2019occupazione \u2013 continuano <strong>Mazzeo, Nardini e Pieroni<\/strong> &#8211; Quella della Carlo Colombo \u00e8 una vertenza difficile che si protrae da circa quattro anni e che vede coinvolti lavoratori con contratti di solidariet\u00e0. Ci rammarica il fatto di non aver intravisto nei programmi della societ\u00e0 una volont\u00e0 effettiva di introdurre un piano, una nuova strategia per valorizzare un sito produttivo che ha capacit\u00e0 e funzionalit\u00e0 tali da poter essere ancora utili e competitive. Nel quadro degli impegni che la Regione Toscana ha preso a favore di una reindustrializzazione il rafforzamento della Carlo Colombo ci rientra perfettamente. L\u2019azienda\u00a0ha un mercato, ha i conti in\u00a0ordine, ma soffre per la mancanza di un efficace piano industriale. Questa la nostra richiesta nei confronti della propriet\u00e0, a cui ribadiamo la necessit\u00e0 prioritaria di percorrere tutte le strade per la prosecuzione dell\u2019attivit\u00e0 produttiva e la salvaguardia dell\u2019occupazione. Qualora questo non fosse possibile con l\u2019attuale assetto societario, si dovranno favorire soluzioni aperte all\u2019ingresso di nuovi soggetti economici\u201d.<\/p>\n","protected":false},"excerpt":{"rendered":"<p>Approvata questa sera dall\u2019Assemblea toscana \u00a0la mozione Pd \u201cIn merito alle prospettive aziendali e occupazionali dello stabilimento pisano della Colombo S.p.a\u201d \u00a0 \u201cNecessario percorrere tutte le strade possibili affinch\u00e9 la Carlo Colombo faccia retromarcia sulla chiusura dello stabilimento pisano. Sar\u00e0 fondamentale un confronto continuo e costante tra la Giunta regionale e il Ministero dello sviluppo [&hellip;]<\/p>\n","protected":false},"author":1,"featured_media":12714,"comment_status":"closed","ping_status":"closed","sticky":false,"template":"","format":"standard","meta":{"_jetpack_memberships_contains_paid_content":false,"footnotes":""},"categories":[968,970,966,30],"tags":[],"class_list":{"0":"post-12933","1":"post","2":"type-post","3":"status-publish","4":"format-standard","5":"has-post-thumbnail","7":"category-alessandra-nardini","8":"category-andrea-pieroni","9":"category-antonio-mazzeo","10":"category-comunicati-stampa","11":"czr-hentry"},"jetpack_featured_media_url":"https:\/\/www.gruppopdregionetoscana.it\/web\/wp-content\/uploads\/2016\/04\/mazzeo-nardini-pieroni2.jpg","jetpack_sharing_enabled":true,"_links":{"self":[{"href":"https:\/\/www.gruppopdregionetoscana.it\/web\/wp-json\/wp\/v2\/posts\/12933","targetHints":{"allow":["GET"]}}],"collection":[{"href":"https:\/\/www.gruppopdregionetoscana.it\/web\/wp-json\/wp\/v2\/posts"}],"about":[{"href":"https:\/\/www.gruppopdregionetoscana.it\/web\/wp-json\/wp\/v2\/types\/post"}],"author":[{"embeddable":true,"href":"https:\/\/www.gruppopdregionetoscana.it\/web\/wp-json\/wp\/v2\/users\/1"}],"replies":[{"embeddable":true,"href":"https:\/\/www.gruppopdregionetoscana.it\/web\/wp-json\/wp\/v2\/comments?post=12933"}],"version-history":[{"count":0,"href":"https:\/\/www.gruppopdregionetoscana.it\/web\/wp-json\/wp\/v2\/posts\/12933\/revisions"}],"wp:featuredmedia":[{"embeddable":true,"href":"https:\/\/www.gruppopdregionetoscana.it\/web\/wp-json\/wp\/v2\/media\/12714"}],"wp:attachment":[{"href":"https:\/\/www.gruppopdregionetoscana.it\/web\/wp-json\/wp\/v2\/media?parent=12933"}],"wp:term":[{"taxonomy":"category","embeddable":true,"href":"https:\/\/www.gruppopdregionetoscana.it\/web\/wp-json\/wp\/v2\/categories?post=12933"},{"taxonomy":"post_tag","embeddable":true,"href":"https:\/\/www.gruppopdregionetoscana.it\/web\/wp-json\/wp\/v2\/tags?post=12933"}],"curies":[{"name":"wp","href":"https:\/\/api.w.org\/{rel}","templated":true}]}}