{"id":12940,"date":"2016-05-18T11:18:08","date_gmt":"2016-05-18T09:18:08","guid":{"rendered":"http:\/\/www.gruppopdregionetoscana.it\/web\/?p=12940"},"modified":"2016-05-18T11:18:08","modified_gmt":"2016-05-18T09:18:08","slug":"valdinievole-risorse-regionali-per-la-difesa-del-suolo-massimo-baldi-un-impegno-mantenuto-nuova-attenzione-della-regione-grazie-a-fratoni","status":"publish","type":"post","link":"https:\/\/www.gruppopdregionetoscana.it\/web\/valdinievole-risorse-regionali-per-la-difesa-del-suolo-massimo-baldi-un-impegno-mantenuto-nuova-attenzione-della-regione-grazie-a-fratoni\/","title":{"rendered":"Valdinievole, Risorse regionali per la difesa del suolo, Massimo Baldi: \u201cUn impegno mantenuto, nuova attenzione della Regione. Grazie a Fratoni\u201d"},"content":{"rendered":"<p><img loading=\"lazy\" decoding=\"async\" class=\"alignleft size-full wp-image-12559\" src=\"http:\/\/www.gruppopdregionetoscana.it\/web\/wp-content\/uploads\/2016\/03\/baldi.jpg\" alt=\"baldi\" width=\"496\" height=\"383\" srcset=\"https:\/\/www.gruppopdregionetoscana.it\/web\/wp-content\/uploads\/2016\/03\/baldi.jpg 496w, https:\/\/www.gruppopdregionetoscana.it\/web\/wp-content\/uploads\/2016\/03\/baldi-300x232.jpg 300w\" sizes=\"auto, (max-width: 496px) 100vw, 496px\" \/>FIRENZE 18.05.2016 &#8211; \u00abRisorse importanti, attese dai comuni di Uzzano, Buggiano e Massa e Cozzile, un impegno con i cittadini che rispettiamo e che testimonia l\u2019attenzione rinnovata che dalla Regione arriva verso i territori della Valdinievole. In particolare per la situazione di Uzzano, dopo un incontro con i cittadini di Uzzano Castello, mi sono attivato perch\u00e9 una soluzione fosse trovata senza ulteriori proroghe, unendo cos\u00ec il mio impegno a quello gi\u00e0 profuso da Marco Niccolai. \u00a0Tutti insieme stiamo dimostrando che il lavoro di squadra reca con s\u00e9 vantaggi importanti per i territori che si rappresentano. Voglio ringraziare l\u2019assessore Fratoni non solo per la pronta risposta che in meno di un anno ha saputo trovare a queste criticit\u00e0, ma anche per il lavoro che sta facendo in giunta regionale ed, in particolare, per la sensibilit\u00e0 mostrata su un tema cos\u00ec importante come quello della difesa del suolo e della prevenzione del rischio idrogeologico. Federica ha dimostrato, non da oggi, come il suo ruolo in questa giunta segni un cambio di passo davvero positivo per i nostri territori e per tutta la Regione\u00bb.<\/p>\n<p>Lo dice\u00a0<strong>Massimo Baldi<\/strong>, consigliere regionale del Pd, commentando l\u2019annuncio delle nuove risorse per i comuni Uzzano, Buggiano e Massa e Cozzile fatti oggi ad Uzzano in conferenza stampa dall\u2019assessore regionale all\u2019ambiente Federica Fratoni.<\/p>\n","protected":false},"excerpt":{"rendered":"<p>FIRENZE 18.05.2016 &#8211; \u00abRisorse importanti, attese dai comuni di Uzzano, Buggiano e Massa e Cozzile, un impegno con i cittadini che rispettiamo e che testimonia l\u2019attenzione rinnovata che dalla Regione arriva verso i territori della Valdinievole. In particolare per la situazione di Uzzano, dopo un incontro con i cittadini di Uzzano Castello, mi sono attivato [&hellip;]<\/p>\n","protected":false},"author":1,"featured_media":12559,"comment_status":"closed","ping_status":"closed","sticky":false,"template":"","format":"standard","meta":{"_jetpack_memberships_contains_paid_content":false,"footnotes":""},"categories":[30,959],"tags":[696],"class_list":{"0":"post-12940","1":"post","2":"type-post","3":"status-publish","4":"format-standard","5":"has-post-thumbnail","7":"category-comunicati-stampa","8":"category-massimo-baldi","9":"tag-ambiente","10":"czr-hentry"},"jetpack_featured_media_url":"https:\/\/www.gruppopdregionetoscana.it\/web\/wp-content\/uploads\/2016\/03\/baldi.jpg","jetpack_sharing_enabled":true,"_links":{"self":[{"href":"https:\/\/www.gruppopdregionetoscana.it\/web\/wp-json\/wp\/v2\/posts\/12940","targetHints":{"allow":["GET"]}}],"collection":[{"href":"https:\/\/www.gruppopdregionetoscana.it\/web\/wp-json\/wp\/v2\/posts"}],"about":[{"href":"https:\/\/www.gruppopdregionetoscana.it\/web\/wp-json\/wp\/v2\/types\/post"}],"author":[{"embeddable":true,"href":"https:\/\/www.gruppopdregionetoscana.it\/web\/wp-json\/wp\/v2\/users\/1"}],"replies":[{"embeddable":true,"href":"https:\/\/www.gruppopdregionetoscana.it\/web\/wp-json\/wp\/v2\/comments?post=12940"}],"version-history":[{"count":0,"href":"https:\/\/www.gruppopdregionetoscana.it\/web\/wp-json\/wp\/v2\/posts\/12940\/revisions"}],"wp:featuredmedia":[{"embeddable":true,"href":"https:\/\/www.gruppopdregionetoscana.it\/web\/wp-json\/wp\/v2\/media\/12559"}],"wp:attachment":[{"href":"https:\/\/www.gruppopdregionetoscana.it\/web\/wp-json\/wp\/v2\/media?parent=12940"}],"wp:term":[{"taxonomy":"category","embeddable":true,"href":"https:\/\/www.gruppopdregionetoscana.it\/web\/wp-json\/wp\/v2\/categories?post=12940"},{"taxonomy":"post_tag","embeddable":true,"href":"https:\/\/www.gruppopdregionetoscana.it\/web\/wp-json\/wp\/v2\/tags?post=12940"}],"curies":[{"name":"wp","href":"https:\/\/api.w.org\/{rel}","templated":true}]}}