{"id":12945,"date":"2016-05-18T12:15:10","date_gmt":"2016-05-18T10:15:10","guid":{"rendered":"http:\/\/www.gruppopdregionetoscana.it\/web\/?p=12945"},"modified":"2016-05-18T12:15:10","modified_gmt":"2016-05-18T10:15:10","slug":"mozione-beni-confiscati-alle-mafie-monia-monni","status":"publish","type":"post","link":"https:\/\/www.gruppopdregionetoscana.it\/web\/mozione-beni-confiscati-alle-mafie-monia-monni\/","title":{"rendered":"Mozione Beni Confiscati alle Mafie &#8211; Monia Monni"},"content":{"rendered":"<p><a class=\"profileLink\" href=\"https:\/\/www.facebook.com\/moniamonnitoscana\/\" data-hovercard=\"\/ajax\/hovercard\/page.php?id=839580569447631\">Monia Monni<\/a> ci racconta come \u00e8 nata la mozione per sensibilizzare i cittadini sui temi della legalit\u00e0 e dei beni confiscati alle mafie, attraverso l&#8217;esempio del <a id=\"js_2a\" class=\"profileLink\" href=\"https:\/\/www.facebook.com\/comune.scandicci\/\" data-hovercard=\"\/ajax\/hovercard\/page.php?id=1478284639093256\">Comune di Scandicci<\/a> e la collaborazione con la <a class=\"profileLink\" href=\"https:\/\/www.facebook.com\/Coop-Beppe-Montana-Libera-Terra-870010493034547\/\" data-hovercard=\"\/ajax\/hovercard\/page.php?id=870010493034547\">Coop. Beppe Montana Libera Terra<\/a>. Grazie a questa mozione si dar\u00e0 pi\u00f9 forza alla diffusione di iniziative per la legalit\u00e0 in tutta la Toscana attraverso percorsi di cittadinanza attiva e di educazione alla legalit\u00e0.<br \/>\n<iframe loading=\"lazy\" src=\"https:\/\/www.youtube.com\/embed\/r5B-P9Xi3O0\" width=\"1280\" height=\"720\" frameborder=\"0\" allowfullscreen=\"allowfullscreen\"><\/iframe><\/p>\n","protected":false},"excerpt":{"rendered":"<p>Monia Monni ci racconta come \u00e8 nata la mozione per sensibilizzare i cittadini sui temi della legalit\u00e0 e dei beni confiscati alle mafie, attraverso l&#8217;esempio del Comune di Scandicci e la collaborazione con la Coop. Beppe Montana Libera Terra. Grazie a questa mozione si dar\u00e0 pi\u00f9 forza alla diffusione di iniziative per la legalit\u00e0 in [&hellip;]<\/p>\n","protected":false},"author":1,"featured_media":12946,"comment_status":"closed","ping_status":"closed","sticky":false,"template":"","format":"video","meta":{"_jetpack_memberships_contains_paid_content":false,"footnotes":""},"categories":[955,11],"tags":[734,1347,1348,349,1346,1345,1344,536],"class_list":{"0":"post-12945","1":"post","2":"type-post","3":"status-publish","4":"format-video","5":"has-post-thumbnail","7":"category-monia-monni","8":"category-video","9":"tag-beni-confiscati","10":"tag-cooperative-sociali","11":"tag-libera","12":"tag-mafia","13":"tag-mafie","14":"tag-monia","15":"tag-monni","16":"tag-scandicci","17":"post_format-post-format-video","18":"czr-hentry"},"jetpack_featured_media_url":"https:\/\/www.gruppopdregionetoscana.it\/web\/wp-content\/uploads\/2016\/05\/Senza-titolo-2.png","jetpack_sharing_enabled":true,"_links":{"self":[{"href":"https:\/\/www.gruppopdregionetoscana.it\/web\/wp-json\/wp\/v2\/posts\/12945","targetHints":{"allow":["GET"]}}],"collection":[{"href":"https:\/\/www.gruppopdregionetoscana.it\/web\/wp-json\/wp\/v2\/posts"}],"about":[{"href":"https:\/\/www.gruppopdregionetoscana.it\/web\/wp-json\/wp\/v2\/types\/post"}],"author":[{"embeddable":true,"href":"https:\/\/www.gruppopdregionetoscana.it\/web\/wp-json\/wp\/v2\/users\/1"}],"replies":[{"embeddable":true,"href":"https:\/\/www.gruppopdregionetoscana.it\/web\/wp-json\/wp\/v2\/comments?post=12945"}],"version-history":[{"count":0,"href":"https:\/\/www.gruppopdregionetoscana.it\/web\/wp-json\/wp\/v2\/posts\/12945\/revisions"}],"wp:featuredmedia":[{"embeddable":true,"href":"https:\/\/www.gruppopdregionetoscana.it\/web\/wp-json\/wp\/v2\/media\/12946"}],"wp:attachment":[{"href":"https:\/\/www.gruppopdregionetoscana.it\/web\/wp-json\/wp\/v2\/media?parent=12945"}],"wp:term":[{"taxonomy":"category","embeddable":true,"href":"https:\/\/www.gruppopdregionetoscana.it\/web\/wp-json\/wp\/v2\/categories?post=12945"},{"taxonomy":"post_tag","embeddable":true,"href":"https:\/\/www.gruppopdregionetoscana.it\/web\/wp-json\/wp\/v2\/tags?post=12945"}],"curies":[{"name":"wp","href":"https:\/\/api.w.org\/{rel}","templated":true}]}}